{"id":14078,"date":"2020-06-24T11:40:49","date_gmt":"2020-06-24T09:40:49","guid":{"rendered":"https:\/\/montedellevigne.it\/?p=14078"},"modified":"2023-03-13T12:29:01","modified_gmt":"2023-03-13T11:29:01","slug":"escursioni-sui-colli-parma","status":"publish","type":"post","link":"https:\/\/montedellevigne.it\/en\/escursioni-sui-colli-parma\/","title":{"rendered":"A PIEDI O IN BICICLETTA TRA I COLLI DI PARMA: 3 PERCORSI PER UN\u2019ESPERIENZA IMPERDIBILE IMMERSA NELLA NATURA"},"content":{"rendered":"<p>[et_pb_section fb_built=&#8221;1&#8243; _builder_version=&#8221;4.16&#8243; global_colors_info=&#8221;{}&#8221;][et_pb_row _builder_version=&#8221;4.16&#8243; background_size=&#8221;initial&#8221; background_position=&#8221;top_left&#8221; background_repeat=&#8221;repeat&#8221; global_colors_info=&#8221;{}&#8221;][et_pb_column type=&#8221;4_4&#8243; _builder_version=&#8221;4.16&#8243; custom_padding=&#8221;|||&#8221; global_colors_info=&#8221;{}&#8221; custom_padding__hover=&#8221;|||&#8221;][et_pb_text _builder_version=&#8221;4.20.2&#8243; background_size=&#8221;initial&#8221; background_position=&#8221;top_left&#8221; background_repeat=&#8221;repeat&#8221; hover_enabled=&#8221;0&#8243; global_colors_info=&#8221;{}&#8221; sticky_enabled=&#8221;0&#8243;]<\/p>\n<p align=\"JUSTIFY\"><img decoding=\"async\" class=\"wp-image-245567 size-medium aligncenter lazyload\" data-src=\"https:\/\/montedellevigne.it\/wp-content\/uploads\/2020\/06\/Bici-a-MdV-1-300x225.jpg\" alt=\"\" width=\"300\" height=\"225\" src=\"data:image\/svg+xml;base64,PHN2ZyB3aWR0aD0iMSIgaGVpZ2h0PSIxIiB4bWxucz0iaHR0cDovL3d3dy53My5vcmcvMjAwMC9zdmciPjwvc3ZnPg==\" style=\"--smush-placeholder-width: 300px; --smush-placeholder-aspect-ratio: 300\/225;\" \/><\/p>\n<p style=\"text-align: left;\" align=\"JUSTIFY\"><span style=\"font-family: Calibri Light, sans-serif;\"><b>Una giornata in mezzo alla natura<\/b><\/span><span style=\"font-family: Calibri Light, sans-serif;\"> \u00e8 quello che serve per ristorare lo spirito e trascorrere qualche ora tra <\/span><span style=\"font-family: Calibri Light, sans-serif;\"><b>relax e divertimento<\/b><\/span><span style=\"font-family: Calibri Light, sans-serif;\">.<\/span><\/p>\n<p style=\"text-align: left;\" align=\"JUSTIFY\"><span style=\"font-family: Calibri Light, sans-serif;\">Che sia per staccare dalla frenesia cittadina o per dedicare del tempo a s\u00e9 stessi, non c\u2019\u00e8 nulla di pi\u00f9 rigenerante di una giornata trascorsa immersi nel verde passeggiando o pedalando sui dolci pendii delle nostre colline.<\/span><\/p>\n<p style=\"text-align: left;\" align=\"JUSTIFY\"><span style=\"font-family: Calibri Light, sans-serif;\">E proprio tra <\/span><span style=\"font-family: Calibri Light, sans-serif;\"><b>i colli di Ozzano Taro<\/b><\/span><span style=\"font-family: Calibri Light, sans-serif;\">, ai piedi di Parma, si nascondono <\/span><span style=\"font-family: Calibri Light, sans-serif;\"><b>percorsi ciclabili e pedonali<\/b><\/span><span style=\"font-family: Calibri Light, sans-serif;\"> completamente immersi in paesaggi naturali unici e suggestivi. In pochi chilometri troverete il tragitto pi\u00f9 adatto a voi, per rilassarvi girovagando tra il verde, o sfidarvi in sentieri pi\u00f9 impegnativi.<\/span><\/p>\n<p style=\"text-align: left;\" align=\"JUSTIFY\"><span style=\"font-family: Calibri Light, sans-serif;\">Per facilitarvi la scelta, abbiamo pensato per voi a <\/span><span style=\"font-family: Calibri Light, sans-serif;\"><b>tre percorsi da non perdere<\/b><\/span><span style=\"font-family: Calibri Light, sans-serif;\"> sui colli di Ozzano Taro, pi\u00f9 un <\/span><span style=\"font-family: Calibri Light, sans-serif;\"><b>consiglio extra<\/b><\/span><span style=\"font-family: Calibri Light, sans-serif;\"> che render\u00e0 la vostra giornata speciale al punto giusto.<\/span><\/p>\n<p style=\"text-align: left;\" align=\"JUSTIFY\"><span style=\"font-family: Calibri Light, sans-serif;\">Iniziamo:<\/span><\/p>\n<p style=\"text-align: left;\" align=\"JUSTIFY\"><span style=\"font-family: Calibri Light, sans-serif;\"><b>Una giornata in mezzo alla natura<\/b><\/span><span style=\"font-family: Calibri Light, sans-serif;\"> \u00e8 quello che serve per ristorare lo spirito e trascorrere qualche ora tra <\/span><span style=\"font-family: Calibri Light, sans-serif;\"><b>relax e divertimento<\/b><\/span><span style=\"font-family: Calibri Light, sans-serif;\">.<\/span><\/p>\n<p style=\"text-align: left;\" align=\"JUSTIFY\"><span style=\"font-family: Calibri Light, sans-serif;\">Che sia per staccare dalla frenesia cittadina o per dedicare del tempo a s\u00e9 stessi, non c\u2019\u00e8 nulla di pi\u00f9 rigenerante di una giornata trascorsa immersi nel verde passeggiando o pedalando sui dolci pendii delle nostre colline.<\/span><\/p>\n<p style=\"text-align: left;\" align=\"JUSTIFY\"><span style=\"font-family: Calibri Light, sans-serif;\">E proprio tra <\/span><span style=\"font-family: Calibri Light, sans-serif;\"><b>i colli di Ozzano Taro<\/b><\/span><span style=\"font-family: Calibri Light, sans-serif;\">, ai piedi di Parma, si nascondono <\/span><span style=\"font-family: Calibri Light, sans-serif;\"><b>percorsi ciclabili e pedonali<\/b><\/span><span style=\"font-family: Calibri Light, sans-serif;\"> completamente immersi in paesaggi naturali unici e suggestivi. In pochi chilometri troverete il tragitto pi\u00f9 adatto a voi, per rilassarvi girovagando tra il verde, o sfidarvi in sentieri pi\u00f9 impegnativi.<\/span><\/p>\n<p style=\"text-align: left;\" align=\"JUSTIFY\"><span style=\"font-family: Calibri Light, sans-serif;\">Per facilitarvi la scelta, abbiamo pensato per voi a <\/span><span style=\"font-family: Calibri Light, sans-serif;\"><b>tre percorsi da non perdere<\/b><\/span><span style=\"font-family: Calibri Light, sans-serif;\"> sui colli di Ozzano Taro, pi\u00f9 un <\/span><span style=\"font-family: Calibri Light, sans-serif;\"><b>consiglio extra<\/b><\/span><span style=\"font-family: Calibri Light, sans-serif;\"> che render\u00e0 la vostra giornata speciale al punto giusto.<\/span><\/p>\n<h5>1. IL PARCO FLUVIALE DEL TARO<\/h5>\n<p align=\"JUSTIFY\"><span style=\"font-family: Calibri Light, sans-serif;\">Il primo dei nostri consigli \u00e8 un <\/span><span style=\"font-family: Calibri Light, sans-serif;\"><b>percorso circolare<\/b><\/span><span style=\"font-family: Calibri Light, sans-serif;\"> che si snoda <\/span><span style=\"font-family: Calibri Light, sans-serif;\"><b>tra architetture e natura<\/b><\/span><span style=\"font-family: Calibri Light, sans-serif;\"> seguendo il percorso del fiume Taro. Se preferite percorrerlo in bici, potrete noleggiarla direttamente all\u2019ingresso e scegliere tra <\/span><span style=\"font-family: Calibri Light, sans-serif;\"><b>due sentieri ugualmente suggestivi<\/b><\/span><span style=\"font-family: Calibri Light, sans-serif;\">.<\/span><\/p>\n<p align=\"JUSTIFY\"><span style=\"font-family: Calibri Light, sans-serif;\">Il primo \u00e8 per lo pi\u00f9 pianeggiante e percorre piccole strade tra i campi: nessun traffico automobilistico e soltanto la compagnia di <\/span><span style=\"font-family: Calibri Light, sans-serif;\"><b>querce, noci e gelsi che si alternano a siepi<\/b><\/span><span style=\"font-family: Calibri Light, sans-serif;\">. Se invece preferite un percorso pi\u00f9 suggestivo e che richiede giusto qualche attenzione in pi\u00f9, vi consigliamo il secondo itinerario che segue le anse del fiume Taro circondato da un <\/span><span style=\"font-family: Calibri Light, sans-serif;\"><b>ambiente fluviale di boschi e boschetti<\/b><\/span><span style=\"font-family: Calibri Light, sans-serif;\">.<\/span><\/p>\n<h5>2. LA CICLOVIA DEI BOSCHI DI CARREGA<\/h5>\n<p align=\"JUSTIFY\"><span style=\"font-family: Calibri Light, sans-serif;\">Una <\/span><span style=\"font-family: Calibri Light, sans-serif;\"><b>ciclovia di 20 km<\/b><\/span><span style=\"font-family: Calibri Light, sans-serif;\"> che si snoda tra i boschi sulla riva destra del fiume Taro. \u00c8 percorribile in ogni stagione ed \u00e8 perfetta anche nelle giornate pi\u00f9 calde, essendo in gran parte all\u2019<\/span><span style=\"font-family: Calibri Light, sans-serif;\"><b>ombra di castagni, faggi e querce<\/b><\/span><span style=\"font-family: Calibri Light, sans-serif;\">.<\/span><\/p>\n<p align=\"JUSTIFY\"><span style=\"font-family: Calibri Light, sans-serif;\">Dei Boschi di Carrega si dice che esprimano al meglio l\u2019interazione tra la natura e il lavoro dell\u2019uomo. \u00c8 un percorso che alterna <\/span><span style=\"font-family: Calibri Light, sans-serif;\"><b>boschi<\/b><\/span><span style=\"font-family: Calibri Light, sans-serif;\"> a <\/span><span style=\"font-family: Calibri Light, sans-serif;\"><b>ville e rustici ristrutturati<\/b><\/span><span style=\"font-family: Calibri Light, sans-serif;\"> e circondati da <\/span><span style=\"font-family: Calibri Light, sans-serif;\"><b>giardini monumentali<\/b><\/span><span style=\"font-family: Calibri Light, sans-serif;\">, essendo stato in passato il luogo di villeggiatura della corte parmense.<\/span><\/p>\n<p align=\"JUSTIFY\"><span style=\"font-family: Calibri Light, sans-serif;\">Un percorso fresco e rilassante adatto ai bambini, ma anche ad adulti che vogliono perdersi per qualche ora tra la natura pi\u00f9 affascinante.<\/span><\/p>\n<h5>3. IL SENTIERO DI MONTE CASTIONE<\/h5>\n<p align=\"JUSTIFY\"><span style=\"font-family: Calibri Light, sans-serif;\">L\u2019ultimo dei percorsi che vi consigliamo \u00e8 sempre all\u2019interno dei Boschi di Carrega, ma percorribile soltanto a piedi. Attraversa il parco da nord a sud fino a raggiungerne il rilievo pi\u00f9 alto: <\/span><span style=\"font-family: Calibri Light, sans-serif;\"><b>Monte Castione<\/b><\/span><span style=\"font-family: Calibri Light, sans-serif;\">. Una passeggiata tra <\/span><span style=\"font-family: Calibri Light, sans-serif;\"><b>querce e castagni <\/b><\/span><span style=\"font-family: Calibri Light, sans-serif;\">alternati a <\/span><span style=\"font-family: Calibri Light, sans-serif;\"><b>piccoli laghetti artificiali<\/b><\/span><span style=\"font-family: Calibri Light, sans-serif;\"> e <\/span><span style=\"font-family: Calibri Light, sans-serif;\"><b>foreste di faggi<\/b><\/span><span style=\"font-family: Calibri Light, sans-serif;\">.<\/span><\/p>\n<p align=\"JUSTIFY\"><span style=\"font-family: Calibri Light, sans-serif;\">Se sarete fortunati potrete anche scorgere alcuni degli animali che popolano queste zone: dalle rare <\/span><span style=\"font-family: Calibri Light, sans-serif;\"><b>testuggini d\u2019acqua<\/b><\/span><span style=\"font-family: Calibri Light, sans-serif;\"> che vivono negli specchi d\u2019acqua, agli animali tipici dei nostri boschi come <\/span><span style=\"font-family: Calibri Light, sans-serif;\"><b>caprioli, scoiattoli e lepri<\/b><\/span><span style=\"font-family: Calibri Light, sans-serif;\">.<\/span><\/p>\n<p align=\"JUSTIFY\"><span style=\"font-family: Calibri Light, sans-serif;\">In ogni caso, qualunque sia il percorso che sceglierete, il nostro consiglio \u00e8 quello di coronare la vostra giornata con <\/span><span style=\"font-family: Calibri Light, sans-serif;\"><b>un\u2019esperienza particolare <\/b><\/span><span style=\"font-family: Calibri Light, sans-serif;\">e all\u2019altezza di questi paesaggi. <\/span><\/p>\n<p align=\"JUSTIFY\"><span style=\"font-family: Calibri Light, sans-serif;\">Abbiamo pensato per voi ad un\u2019esperienza da concedervi e di cui godere, <\/span><span style=\"font-family: Calibri Light, sans-serif;\"><b>senza rinunciare alla natura<\/b><\/span><span style=\"font-family: Calibri Light, sans-serif;\"> che offrono questi colli. Potrete raggiungere infatti la nostra cantina, completamente immersa nel verde, e rilassarvi tra i vigneti con un <\/span><span style=\"font-family: Calibri Light, sans-serif;\"><b>pic-nic di prodotti locali e i nostri vini,<\/b><\/span><span style=\"font-family: Calibri Light, sans-serif;\"> prodotti d\u2019eccellenza del terroir unico di questi colli.<\/span><\/p>\n<h5><strong>VISITA IN CANTINA E PIC-NIC<\/strong><\/h5>\n<p align=\"JUSTIFY\"><span style=\"font-family: Calibri Light, sans-serif;\">Arrivati a <\/span><span style=\"font-family: Calibri Light, sans-serif;\"><b>Monte delle Vigne,<\/b><\/span><span style=\"font-family: Calibri Light, sans-serif;\"> potrete visitare la cantina e ritirare il vostro <\/span><span style=\"font-family: Calibri Light, sans-serif;\"><b>cestino da pic-nic <\/b><\/span><span style=\"font-family: Calibri Light, sans-serif;\">gi\u00e0 pronto con tutto l\u2019occorrente. Non vi rester\u00e0 che scegliere <\/span><span style=\"font-family: Calibri Light, sans-serif;\"><b>un angolo di verde tra i vigneti <\/b><\/span><span style=\"font-family: Calibri Light, sans-serif;\">e vivere un\u2019esperienza romantica se siete in coppia, o pi\u00f9 divertente e spensierata se siete in famiglia o tra amici.<\/span><\/p>\n<p>[\/et_pb_text][\/et_pb_column][\/et_pb_row][\/et_pb_section]<\/p>\n","protected":false},"excerpt":{"rendered":"<p>Una giornata in mezzo alla natura \u00e8 quello che serve per ristorare lo spirito e trascorrere qualche ora tra relax e divertimento. Che sia per staccare dalla frenesia cittadina o per dedicare del tempo a s\u00e9 stessi, non c\u2019\u00e8 nulla di pi\u00f9 rigenerante di una giornata trascorsa immersi nel verde passeggiando o pedalando sui dolci [&hellip;]<\/p>\n","protected":false},"author":6,"featured_media":0,"comment_status":"closed","ping_status":"closed","sticky":false,"template":"","format":"standard","meta":{"_et_pb_use_builder":"on","_et_pb_old_content":"<p align=\"JUSTIFY\"><img class=\"size-medium wp-image-245566 aligncenter\" src=\"https:\/\/montedellevigne.it\/wp-content\/uploads\/2020\/06\/Bici-a-MdV-300x225.jpg\" alt=\"\" width=\"300\" height=\"225\" \/><\/p><p style=\"text-align: left;\" align=\"JUSTIFY\"><span style=\"font-family: Calibri Light, sans-serif;\"><b>Una giornata in mezzo alla natura<\/b><\/span><span style=\"font-family: Calibri Light, sans-serif;\"> \u00e8 quello che serve per ristorare lo spirito e trascorrere qualche ora tra <\/span><span style=\"font-family: Calibri Light, sans-serif;\"><b>relax e divertimento<\/b><\/span><span style=\"font-family: Calibri Light, sans-serif;\">.<\/span><\/p><p style=\"text-align: left;\" align=\"JUSTIFY\"><span style=\"font-family: Calibri Light, sans-serif;\">Che sia per staccare dalla frenesia cittadina o per dedicare del tempo a s\u00e9 stessi, non c\u2019\u00e8 nulla di pi\u00f9 rigenerante di una giornata trascorsa immersi nel verde passeggiando o pedalando sui dolci pendii delle nostre colline.<\/span><\/p><p style=\"text-align: left;\" align=\"JUSTIFY\"><span style=\"font-family: Calibri Light, sans-serif;\">E proprio tra <\/span><span style=\"font-family: Calibri Light, sans-serif;\"><b>i colli di Ozzano Taro<\/b><\/span><span style=\"font-family: Calibri Light, sans-serif;\">, ai piedi di Parma, si nascondono <\/span><span style=\"font-family: Calibri Light, sans-serif;\"><b>percorsi ciclabili e pedonali<\/b><\/span><span style=\"font-family: Calibri Light, sans-serif;\"> completamente immersi in paesaggi naturali unici e suggestivi. In pochi chilometri troverete il tragitto pi\u00f9 adatto a voi, per rilassarvi girovagando tra il verde, o sfidarvi in sentieri pi\u00f9 impegnativi.<\/span><\/p><p style=\"text-align: left;\" align=\"JUSTIFY\"><span style=\"font-family: Calibri Light, sans-serif;\">Per facilitarvi la scelta, abbiamo pensato per voi a <\/span><span style=\"font-family: Calibri Light, sans-serif;\"><b>tre percorsi da non perdere<\/b><\/span><span style=\"font-family: Calibri Light, sans-serif;\"> sui colli di Ozzano Taro, pi\u00f9 un <\/span><span style=\"font-family: Calibri Light, sans-serif;\"><b>consiglio extra<\/b><\/span><span style=\"font-family: Calibri Light, sans-serif;\"> che render\u00e0 la vostra giornata speciale al punto giusto.<\/span><\/p><p style=\"text-align: left;\" align=\"JUSTIFY\"><span style=\"font-family: Calibri Light, sans-serif;\">Iniziamo:<\/span><\/p><p style=\"text-align: left;\" align=\"JUSTIFY\"><span style=\"font-family: Calibri Light, sans-serif;\"><b>Una giornata in mezzo alla natura<\/b><\/span><span style=\"font-family: Calibri Light, sans-serif;\"> \u00e8 quello che serve per ristorare lo spirito e trascorrere qualche ora tra <\/span><span style=\"font-family: Calibri Light, sans-serif;\"><b>relax e divertimento<\/b><\/span><span style=\"font-family: Calibri Light, sans-serif;\">.<\/span><\/p><p style=\"text-align: left;\" align=\"JUSTIFY\"><span style=\"font-family: Calibri Light, sans-serif;\">Che sia per staccare dalla frenesia cittadina o per dedicare del tempo a s\u00e9 stessi, non c\u2019\u00e8 nulla di pi\u00f9 rigenerante di una giornata trascorsa immersi nel verde passeggiando o pedalando sui dolci pendii delle nostre colline.<\/span><\/p><p style=\"text-align: left;\" align=\"JUSTIFY\"><span style=\"font-family: Calibri Light, sans-serif;\">E proprio tra <\/span><span style=\"font-family: Calibri Light, sans-serif;\"><b>i colli di Ozzano Taro<\/b><\/span><span style=\"font-family: Calibri Light, sans-serif;\">, ai piedi di Parma, si nascondono <\/span><span style=\"font-family: Calibri Light, sans-serif;\"><b>percorsi ciclabili e pedonali<\/b><\/span><span style=\"font-family: Calibri Light, sans-serif;\"> completamente immersi in paesaggi naturali unici e suggestivi. In pochi chilometri troverete il tragitto pi\u00f9 adatto a voi, per rilassarvi girovagando tra il verde, o sfidarvi in sentieri pi\u00f9 impegnativi.<\/span><\/p><p style=\"text-align: left;\" align=\"JUSTIFY\"><span style=\"font-family: Calibri Light, sans-serif;\">Per facilitarvi la scelta, abbiamo pensato per voi a <\/span><span style=\"font-family: Calibri Light, sans-serif;\"><b>tre percorsi da non perdere<\/b><\/span><span style=\"font-family: Calibri Light, sans-serif;\"> sui colli di Ozzano Taro, pi\u00f9 un <\/span><span style=\"font-family: Calibri Light, sans-serif;\"><b>consiglio extra<\/b><\/span><span style=\"font-family: Calibri Light, sans-serif;\"> che render\u00e0 la vostra giornata speciale al punto giusto.<\/span><\/p><h5>1. IL PARCO FLUVIALE DEL TARO<\/h5><p align=\"JUSTIFY\"><span style=\"font-family: Calibri Light, sans-serif;\">Il primo dei nostri consigli \u00e8 un <\/span><span style=\"font-family: Calibri Light, sans-serif;\"><b>percorso circolare<\/b><\/span><span style=\"font-family: Calibri Light, sans-serif;\"> che si snoda <\/span><span style=\"font-family: Calibri Light, sans-serif;\"><b>tra architetture e natura<\/b><\/span><span style=\"font-family: Calibri Light, sans-serif;\"> seguendo il percorso del fiume Taro. Se preferite percorrerlo in bici, potrete noleggiarla direttamente all\u2019ingresso e scegliere tra <\/span><span style=\"font-family: Calibri Light, sans-serif;\"><b>due sentieri ugualmente suggestivi<\/b><\/span><span style=\"font-family: Calibri Light, sans-serif;\">.<\/span><\/p><p align=\"JUSTIFY\"><span style=\"font-family: Calibri Light, sans-serif;\">Il primo \u00e8 per lo pi\u00f9 pianeggiante e percorre piccole strade tra i campi: nessun traffico automobilistico e soltanto la compagnia di <\/span><span style=\"font-family: Calibri Light, sans-serif;\"><b>querce, noci e gelsi che si alternano a siepi<\/b><\/span><span style=\"font-family: Calibri Light, sans-serif;\">. Se invece preferite un percorso pi\u00f9 suggestivo e che richiede giusto qualche attenzione in pi\u00f9, vi consigliamo il secondo itinerario che segue le anse del fiume Taro circondato da un <\/span><span style=\"font-family: Calibri Light, sans-serif;\"><b>ambiente fluviale di boschi e boschetti<\/b><\/span><span style=\"font-family: Calibri Light, sans-serif;\">.<\/span><\/p><h5>2. LA CICLOVIA DEI BOSCHI DI CARREGA<\/h5><p align=\"JUSTIFY\"><span style=\"font-family: Calibri Light, sans-serif;\">Una <\/span><span style=\"font-family: Calibri Light, sans-serif;\"><b>ciclovia di 20 km<\/b><\/span><span style=\"font-family: Calibri Light, sans-serif;\"> che si snoda tra i boschi sulla riva destra del fiume Taro. \u00c8 percorribile in ogni stagione ed \u00e8 perfetta anche nelle giornate pi\u00f9 calde, essendo in gran parte all\u2019<\/span><span style=\"font-family: Calibri Light, sans-serif;\"><b>ombra di castagni, faggi e querce<\/b><\/span><span style=\"font-family: Calibri Light, sans-serif;\">.<\/span><\/p><p align=\"JUSTIFY\"><span style=\"font-family: Calibri Light, sans-serif;\">Dei Boschi di Carrega si dice che esprimano al meglio l\u2019interazione tra la natura e il lavoro dell\u2019uomo. \u00c8 un percorso che alterna <\/span><span style=\"font-family: Calibri Light, sans-serif;\"><b>boschi<\/b><\/span><span style=\"font-family: Calibri Light, sans-serif;\"> a <\/span><span style=\"font-family: Calibri Light, sans-serif;\"><b>ville e rustici ristrutturati<\/b><\/span><span style=\"font-family: Calibri Light, sans-serif;\"> e circondati da <\/span><span style=\"font-family: Calibri Light, sans-serif;\"><b>giardini monumentali<\/b><\/span><span style=\"font-family: Calibri Light, sans-serif;\">, essendo stato in passato il luogo di villeggiatura della corte parmense.<\/span><\/p><p align=\"JUSTIFY\"><span style=\"font-family: Calibri Light, sans-serif;\">Un percorso fresco e rilassante adatto ai bambini, ma anche ad adulti che vogliono perdersi per qualche ora tra la natura pi\u00f9 affascinante.<\/span><\/p><h5>3. IL SENTIERO DI MONTE CASTIONE<\/h5><p align=\"JUSTIFY\"><span style=\"font-family: Calibri Light, sans-serif;\">L\u2019ultimo dei percorsi che vi consigliamo \u00e8 sempre all\u2019interno dei Boschi di Carrega, ma percorribile soltanto a piedi. Attraversa il parco da nord a sud fino a raggiungerne il rilievo pi\u00f9 alto: <\/span><span style=\"font-family: Calibri Light, sans-serif;\"><b>Monte Castione<\/b><\/span><span style=\"font-family: Calibri Light, sans-serif;\">. Una passeggiata tra <\/span><span style=\"font-family: Calibri Light, sans-serif;\"><b>querce e castagni <\/b><\/span><span style=\"font-family: Calibri Light, sans-serif;\">alternati a <\/span><span style=\"font-family: Calibri Light, sans-serif;\"><b>piccoli laghetti artificiali<\/b><\/span><span style=\"font-family: Calibri Light, sans-serif;\"> e <\/span><span style=\"font-family: Calibri Light, sans-serif;\"><b>foreste di faggi<\/b><\/span><span style=\"font-family: Calibri Light, sans-serif;\">.<\/span><\/p><p align=\"JUSTIFY\"><span style=\"font-family: Calibri Light, sans-serif;\">Se sarete fortunati potrete anche scorgere alcuni degli animali che popolano queste zone: dalle rare <\/span><span style=\"font-family: Calibri Light, sans-serif;\"><b>testuggini d\u2019acqua<\/b><\/span><span style=\"font-family: Calibri Light, sans-serif;\"> che vivono negli specchi d\u2019acqua, agli animali tipici dei nostri boschi come <\/span><span style=\"font-family: Calibri Light, sans-serif;\"><b>caprioli, scoiattoli e lepri<\/b><\/span><span style=\"font-family: Calibri Light, sans-serif;\">.<\/span><\/p><p align=\"JUSTIFY\"><span style=\"font-family: Calibri Light, sans-serif;\">In ogni caso, qualunque sia il percorso che sceglierete, il nostro consiglio \u00e8 quello di coronare la vostra giornata con <\/span><span style=\"font-family: Calibri Light, sans-serif;\"><b>un\u2019esperienza particolare <\/b><\/span><span style=\"font-family: Calibri Light, sans-serif;\">e all\u2019altezza di questi paesaggi. <\/span><\/p><p align=\"JUSTIFY\"><span style=\"font-family: Calibri Light, sans-serif;\">Abbiamo pensato per voi ad un\u2019esperienza da concedervi e di cui godere, <\/span><span style=\"font-family: Calibri Light, sans-serif;\"><b>senza rinunciare alla natura<\/b><\/span><span style=\"font-family: Calibri Light, sans-serif;\"> che offrono questi colli. Potrete raggiungere infatti la nostra cantina, completamente immersa nel verde, e rilassarvi tra i vigneti con un <\/span><span style=\"font-family: Calibri Light, sans-serif;\"><b>pic-nic di prodotti locali e i nostri vini,<\/b><\/span><span style=\"font-family: Calibri Light, sans-serif;\"> prodotti d\u2019eccellenza del terroir unico di questi colli.<\/span><\/p><h5><strong>VISITA IN CANTINA E PIC-NIC<\/strong><\/h5><p align=\"JUSTIFY\"><span style=\"font-family: Calibri Light, sans-serif;\">Arrivati a <\/span><span style=\"font-family: Calibri Light, sans-serif;\"><b>Monte delle Vigne,<\/b><\/span><span style=\"font-family: Calibri Light, sans-serif;\"> potrete visitare la cantina e ritirare il vostro <\/span><span style=\"font-family: Calibri Light, sans-serif;\"><b>cestino da pic-nic <\/b><\/span><span style=\"font-family: Calibri Light, sans-serif;\">gi\u00e0 pronto con tutto l\u2019occorrente. Non vi rester\u00e0 che scegliere <\/span><span style=\"font-family: Calibri Light, sans-serif;\"><b>un angolo di verde tra i vigneti <\/b><\/span><span style=\"font-family: Calibri Light, sans-serif;\">e vivere un\u2019esperienza romantica se siete in coppia, o pi\u00f9 divertente e spensierata se siete in famiglia o tra amici.<\/span><\/p>","_et_gb_content_width":"","footnotes":""},"categories":[42],"tags":[],"class_list":["post-14078","post","type-post","status-publish","format-standard","hentry","category-news"],"yoast_head":"<!-- This site is optimized with the Yoast SEO plugin v27.4 - https:\/\/yoast.com\/product\/yoast-seo-wordpress\/ -->\n<title>A PIEDI O IN BICICLETTA TRA I COLLI DI PARMA: 3 PERCORSI PER UN\u2019ESPERIENZA IMPERDIBILE IMMERSA NELLA NATURA - Monte delle Vigne<\/title>\n<meta name=\"robots\" content=\"noindex, follow\" \/>\n<meta property=\"og:locale\" content=\"en_GB\" \/>\n<meta property=\"og:type\" content=\"article\" \/>\n<meta property=\"og:title\" content=\"A PIEDI O IN BICICLETTA TRA I COLLI DI PARMA: 3 PERCORSI PER UN\u2019ESPERIENZA IMPERDIBILE IMMERSA NELLA NATURA - Monte delle Vigne\" \/>\n<meta property=\"og:description\" content=\"Una giornata in mezzo alla natura \u00e8 quello che serve per ristorare lo spirito e trascorrere qualche ora tra relax e divertimento. Che sia per staccare dalla frenesia cittadina o per dedicare del tempo a s\u00e9 stessi, non c\u2019\u00e8 nulla di pi\u00f9 rigenerante di una giornata trascorsa immersi nel verde passeggiando o pedalando sui dolci [&hellip;]\" \/>\n<meta property=\"og:url\" content=\"https:\/\/montedellevigne.it\/en\/escursioni-sui-colli-parma\/\" \/>\n<meta property=\"og:site_name\" content=\"Monte delle Vigne\" \/>\n<meta property=\"article:published_time\" content=\"2020-06-24T09:40:49+00:00\" \/>\n<meta property=\"article:modified_time\" content=\"2023-03-13T11:29:01+00:00\" \/>\n<meta property=\"og:image\" content=\"https:\/\/montedellevigne.it\/wp-content\/uploads\/2020\/06\/Bici-a-MdV-1-300x225.jpg\" \/>\n<meta name=\"author\" content=\"Studiocru\" \/>\n<meta name=\"twitter:card\" content=\"summary_large_image\" \/>\n<meta name=\"twitter:label1\" content=\"Written by\" \/>\n\t<meta name=\"twitter:data1\" content=\"Studiocru\" \/>\n\t<meta name=\"twitter:label2\" content=\"Estimated reading time\" \/>\n\t<meta name=\"twitter:data2\" content=\"5 minutes\" \/>\n<script type=\"application\/ld+json\" class=\"yoast-schema-graph\">{\"@context\":\"https:\\\/\\\/schema.org\",\"@graph\":[{\"@type\":\"Article\",\"@id\":\"https:\\\/\\\/montedellevigne.it\\\/escursioni-sui-colli-parma\\\/#article\",\"isPartOf\":{\"@id\":\"https:\\\/\\\/montedellevigne.it\\\/escursioni-sui-colli-parma\\\/\"},\"author\":{\"name\":\"Studiocru\",\"@id\":\"https:\\\/\\\/montedellevigne.it\\\/it\\\/#\\\/schema\\\/person\\\/1a6e93231c5561b677764a567f0a4f75\"},\"headline\":\"A PIEDI O IN BICICLETTA TRA I COLLI DI PARMA: 3 PERCORSI PER UN\u2019ESPERIENZA IMPERDIBILE IMMERSA NELLA NATURA\",\"datePublished\":\"2020-06-24T09:40:49+00:00\",\"dateModified\":\"2023-03-13T11:29:01+00:00\",\"mainEntityOfPage\":{\"@id\":\"https:\\\/\\\/montedellevigne.it\\\/escursioni-sui-colli-parma\\\/\"},\"wordCount\":826,\"publisher\":{\"@id\":\"https:\\\/\\\/montedellevigne.it\\\/it\\\/#organization\"},\"image\":{\"@id\":\"https:\\\/\\\/montedellevigne.it\\\/escursioni-sui-colli-parma\\\/#primaryimage\"},\"thumbnailUrl\":\"https:\\\/\\\/montedellevigne.it\\\/wp-content\\\/uploads\\\/2020\\\/06\\\/Bici-a-MdV-1-300x225.jpg\",\"articleSection\":[\"News\"],\"inLanguage\":\"en-GB\"},{\"@type\":\"WebPage\",\"@id\":\"https:\\\/\\\/montedellevigne.it\\\/escursioni-sui-colli-parma\\\/\",\"url\":\"https:\\\/\\\/montedellevigne.it\\\/escursioni-sui-colli-parma\\\/\",\"name\":\"A PIEDI O IN BICICLETTA TRA I COLLI DI PARMA: 3 PERCORSI PER UN\u2019ESPERIENZA IMPERDIBILE IMMERSA NELLA NATURA - Monte delle Vigne\",\"isPartOf\":{\"@id\":\"https:\\\/\\\/montedellevigne.it\\\/it\\\/#website\"},\"primaryImageOfPage\":{\"@id\":\"https:\\\/\\\/montedellevigne.it\\\/escursioni-sui-colli-parma\\\/#primaryimage\"},\"image\":{\"@id\":\"https:\\\/\\\/montedellevigne.it\\\/escursioni-sui-colli-parma\\\/#primaryimage\"},\"thumbnailUrl\":\"https:\\\/\\\/montedellevigne.it\\\/wp-content\\\/uploads\\\/2020\\\/06\\\/Bici-a-MdV-1-300x225.jpg\",\"datePublished\":\"2020-06-24T09:40:49+00:00\",\"dateModified\":\"2023-03-13T11:29:01+00:00\",\"inLanguage\":\"en-GB\",\"potentialAction\":[{\"@type\":\"ReadAction\",\"target\":[\"https:\\\/\\\/montedellevigne.it\\\/escursioni-sui-colli-parma\\\/\"]}]},{\"@type\":\"ImageObject\",\"inLanguage\":\"en-GB\",\"@id\":\"https:\\\/\\\/montedellevigne.it\\\/escursioni-sui-colli-parma\\\/#primaryimage\",\"url\":\"https:\\\/\\\/montedellevigne.it\\\/wp-content\\\/uploads\\\/2020\\\/06\\\/Bici-a-MdV-1-300x225.jpg\",\"contentUrl\":\"https:\\\/\\\/montedellevigne.it\\\/wp-content\\\/uploads\\\/2020\\\/06\\\/Bici-a-MdV-1-300x225.jpg\"},{\"@type\":\"WebSite\",\"@id\":\"https:\\\/\\\/montedellevigne.it\\\/it\\\/#website\",\"url\":\"https:\\\/\\\/montedellevigne.it\\\/it\\\/\",\"name\":\"Monte delle Vigne\",\"description\":\"\",\"publisher\":{\"@id\":\"https:\\\/\\\/montedellevigne.it\\\/it\\\/#organization\"},\"potentialAction\":[{\"@type\":\"SearchAction\",\"target\":{\"@type\":\"EntryPoint\",\"urlTemplate\":\"https:\\\/\\\/montedellevigne.it\\\/it\\\/?s={search_term_string}\"},\"query-input\":{\"@type\":\"PropertyValueSpecification\",\"valueRequired\":true,\"valueName\":\"search_term_string\"}}],\"inLanguage\":\"en-GB\"},{\"@type\":\"Organization\",\"@id\":\"https:\\\/\\\/montedellevigne.it\\\/it\\\/#organization\",\"name\":\"Monte delle Vigne\",\"url\":\"https:\\\/\\\/montedellevigne.it\\\/it\\\/\",\"logo\":{\"@type\":\"ImageObject\",\"inLanguage\":\"en-GB\",\"@id\":\"https:\\\/\\\/montedellevigne.it\\\/it\\\/#\\\/schema\\\/logo\\\/image\\\/\",\"url\":\"https:\\\/\\\/montedellevigne.it\\\/wp-content\\\/uploads\\\/2020\\\/05\\\/MdV-logo-trasp-no-foglia.png\",\"contentUrl\":\"https:\\\/\\\/montedellevigne.it\\\/wp-content\\\/uploads\\\/2020\\\/05\\\/MdV-logo-trasp-no-foglia.png\",\"width\":393,\"height\":200,\"caption\":\"Monte delle Vigne\"},\"image\":{\"@id\":\"https:\\\/\\\/montedellevigne.it\\\/it\\\/#\\\/schema\\\/logo\\\/image\\\/\"}},{\"@type\":\"Person\",\"@id\":\"https:\\\/\\\/montedellevigne.it\\\/it\\\/#\\\/schema\\\/person\\\/1a6e93231c5561b677764a567f0a4f75\",\"name\":\"Studiocru\",\"image\":{\"@type\":\"ImageObject\",\"inLanguage\":\"en-GB\",\"@id\":\"https:\\\/\\\/secure.gravatar.com\\\/avatar\\\/a65a4ba6a54a3838e3d6e0177edca1c4297c61c85a51474e64b0f914017600ce?s=96&d=blank&r=g\",\"url\":\"https:\\\/\\\/secure.gravatar.com\\\/avatar\\\/a65a4ba6a54a3838e3d6e0177edca1c4297c61c85a51474e64b0f914017600ce?s=96&d=blank&r=g\",\"contentUrl\":\"https:\\\/\\\/secure.gravatar.com\\\/avatar\\\/a65a4ba6a54a3838e3d6e0177edca1c4297c61c85a51474e64b0f914017600ce?s=96&d=blank&r=g\",\"caption\":\"Studiocru\"},\"url\":\"https:\\\/\\\/montedellevigne.it\\\/en\\\/author\\\/studiocru\\\/\"}]}<\/script>\n<!-- \/ Yoast SEO plugin. -->","yoast_head_json":{"title":"A PIEDI O IN BICICLETTA TRA I COLLI DI PARMA: 3 PERCORSI PER UN\u2019ESPERIENZA IMPERDIBILE IMMERSA NELLA NATURA - Monte delle Vigne","robots":{"index":"noindex","follow":"follow"},"og_locale":"en_GB","og_type":"article","og_title":"A PIEDI O IN BICICLETTA TRA I COLLI DI PARMA: 3 PERCORSI PER UN\u2019ESPERIENZA IMPERDIBILE IMMERSA NELLA NATURA - Monte delle Vigne","og_description":"Una giornata in mezzo alla natura \u00e8 quello che serve per ristorare lo spirito e trascorrere qualche ora tra relax e divertimento. Che sia per staccare dalla frenesia cittadina o per dedicare del tempo a s\u00e9 stessi, non c\u2019\u00e8 nulla di pi\u00f9 rigenerante di una giornata trascorsa immersi nel verde passeggiando o pedalando sui dolci [&hellip;]","og_url":"https:\/\/montedellevigne.it\/en\/escursioni-sui-colli-parma\/","og_site_name":"Monte delle Vigne","article_published_time":"2020-06-24T09:40:49+00:00","article_modified_time":"2023-03-13T11:29:01+00:00","og_image":[{"url":"https:\/\/montedellevigne.it\/wp-content\/uploads\/2020\/06\/Bici-a-MdV-1-300x225.jpg","type":"","width":"","height":""}],"author":"Studiocru","twitter_card":"summary_large_image","twitter_misc":{"Written by":"Studiocru","Estimated reading time":"5 minutes"},"schema":{"@context":"https:\/\/schema.org","@graph":[{"@type":"Article","@id":"https:\/\/montedellevigne.it\/escursioni-sui-colli-parma\/#article","isPartOf":{"@id":"https:\/\/montedellevigne.it\/escursioni-sui-colli-parma\/"},"author":{"name":"Studiocru","@id":"https:\/\/montedellevigne.it\/it\/#\/schema\/person\/1a6e93231c5561b677764a567f0a4f75"},"headline":"A PIEDI O IN BICICLETTA TRA I COLLI DI PARMA: 3 PERCORSI PER UN\u2019ESPERIENZA IMPERDIBILE IMMERSA NELLA NATURA","datePublished":"2020-06-24T09:40:49+00:00","dateModified":"2023-03-13T11:29:01+00:00","mainEntityOfPage":{"@id":"https:\/\/montedellevigne.it\/escursioni-sui-colli-parma\/"},"wordCount":826,"publisher":{"@id":"https:\/\/montedellevigne.it\/it\/#organization"},"image":{"@id":"https:\/\/montedellevigne.it\/escursioni-sui-colli-parma\/#primaryimage"},"thumbnailUrl":"https:\/\/montedellevigne.it\/wp-content\/uploads\/2020\/06\/Bici-a-MdV-1-300x225.jpg","articleSection":["News"],"inLanguage":"en-GB"},{"@type":"WebPage","@id":"https:\/\/montedellevigne.it\/escursioni-sui-colli-parma\/","url":"https:\/\/montedellevigne.it\/escursioni-sui-colli-parma\/","name":"A PIEDI O IN BICICLETTA TRA I COLLI DI PARMA: 3 PERCORSI PER UN\u2019ESPERIENZA IMPERDIBILE IMMERSA NELLA NATURA - Monte delle Vigne","isPartOf":{"@id":"https:\/\/montedellevigne.it\/it\/#website"},"primaryImageOfPage":{"@id":"https:\/\/montedellevigne.it\/escursioni-sui-colli-parma\/#primaryimage"},"image":{"@id":"https:\/\/montedellevigne.it\/escursioni-sui-colli-parma\/#primaryimage"},"thumbnailUrl":"https:\/\/montedellevigne.it\/wp-content\/uploads\/2020\/06\/Bici-a-MdV-1-300x225.jpg","datePublished":"2020-06-24T09:40:49+00:00","dateModified":"2023-03-13T11:29:01+00:00","inLanguage":"en-GB","potentialAction":[{"@type":"ReadAction","target":["https:\/\/montedellevigne.it\/escursioni-sui-colli-parma\/"]}]},{"@type":"ImageObject","inLanguage":"en-GB","@id":"https:\/\/montedellevigne.it\/escursioni-sui-colli-parma\/#primaryimage","url":"https:\/\/montedellevigne.it\/wp-content\/uploads\/2020\/06\/Bici-a-MdV-1-300x225.jpg","contentUrl":"https:\/\/montedellevigne.it\/wp-content\/uploads\/2020\/06\/Bici-a-MdV-1-300x225.jpg"},{"@type":"WebSite","@id":"https:\/\/montedellevigne.it\/it\/#website","url":"https:\/\/montedellevigne.it\/it\/","name":"Monte delle Vigne","description":"","publisher":{"@id":"https:\/\/montedellevigne.it\/it\/#organization"},"potentialAction":[{"@type":"SearchAction","target":{"@type":"EntryPoint","urlTemplate":"https:\/\/montedellevigne.it\/it\/?s={search_term_string}"},"query-input":{"@type":"PropertyValueSpecification","valueRequired":true,"valueName":"search_term_string"}}],"inLanguage":"en-GB"},{"@type":"Organization","@id":"https:\/\/montedellevigne.it\/it\/#organization","name":"Monte delle Vigne","url":"https:\/\/montedellevigne.it\/it\/","logo":{"@type":"ImageObject","inLanguage":"en-GB","@id":"https:\/\/montedellevigne.it\/it\/#\/schema\/logo\/image\/","url":"https:\/\/montedellevigne.it\/wp-content\/uploads\/2020\/05\/MdV-logo-trasp-no-foglia.png","contentUrl":"https:\/\/montedellevigne.it\/wp-content\/uploads\/2020\/05\/MdV-logo-trasp-no-foglia.png","width":393,"height":200,"caption":"Monte delle Vigne"},"image":{"@id":"https:\/\/montedellevigne.it\/it\/#\/schema\/logo\/image\/"}},{"@type":"Person","@id":"https:\/\/montedellevigne.it\/it\/#\/schema\/person\/1a6e93231c5561b677764a567f0a4f75","name":"Studiocru","image":{"@type":"ImageObject","inLanguage":"en-GB","@id":"https:\/\/secure.gravatar.com\/avatar\/a65a4ba6a54a3838e3d6e0177edca1c4297c61c85a51474e64b0f914017600ce?s=96&d=blank&r=g","url":"https:\/\/secure.gravatar.com\/avatar\/a65a4ba6a54a3838e3d6e0177edca1c4297c61c85a51474e64b0f914017600ce?s=96&d=blank&r=g","contentUrl":"https:\/\/secure.gravatar.com\/avatar\/a65a4ba6a54a3838e3d6e0177edca1c4297c61c85a51474e64b0f914017600ce?s=96&d=blank&r=g","caption":"Studiocru"},"url":"https:\/\/montedellevigne.it\/en\/author\/studiocru\/"}]}},"_links":{"self":[{"href":"https:\/\/montedellevigne.it\/en\/wp-json\/wp\/v2\/posts\/14078","targetHints":{"allow":["GET"]}}],"collection":[{"href":"https:\/\/montedellevigne.it\/en\/wp-json\/wp\/v2\/posts"}],"about":[{"href":"https:\/\/montedellevigne.it\/en\/wp-json\/wp\/v2\/types\/post"}],"author":[{"embeddable":true,"href":"https:\/\/montedellevigne.it\/en\/wp-json\/wp\/v2\/users\/6"}],"replies":[{"embeddable":true,"href":"https:\/\/montedellevigne.it\/en\/wp-json\/wp\/v2\/comments?post=14078"}],"version-history":[{"count":0,"href":"https:\/\/montedellevigne.it\/en\/wp-json\/wp\/v2\/posts\/14078\/revisions"}],"wp:attachment":[{"href":"https:\/\/montedellevigne.it\/en\/wp-json\/wp\/v2\/media?parent=14078"}],"wp:term":[{"taxonomy":"category","embeddable":true,"href":"https:\/\/montedellevigne.it\/en\/wp-json\/wp\/v2\/categories?post=14078"},{"taxonomy":"post_tag","embeddable":true,"href":"https:\/\/montedellevigne.it\/en\/wp-json\/wp\/v2\/tags?post=14078"}],"curies":[{"name":"wp","href":"https:\/\/api.w.org\/{rel}","templated":true}]}}