{"id":245486,"date":"2022-10-10T18:00:23","date_gmt":"2022-10-10T16:00:23","guid":{"rendered":"https:\/\/montedellevigne.it\/?p=245486"},"modified":"2023-05-02T09:41:32","modified_gmt":"2023-05-02T07:41:32","slug":"team-luigi-cuore-trattore","status":"publish","type":"post","link":"https:\/\/montedellevigne.it\/en\/team-luigi-cuore-trattore\/","title":{"rendered":"LUIGI, HEART AND TRACTOR"},"content":{"rendered":"<p>[et_pb_section fb_built=&#8221;1&#8243; _builder_version=&#8221;4.20.0&#8243; background_color=&#8221;#FFFFFF&#8221; global_colors_info=&#8221;{}&#8221;][et_pb_row _builder_version=&#8221;4.20.0&#8243; background_size=&#8221;initial&#8221; background_position=&#8221;top_left&#8221; background_repeat=&#8221;repeat&#8221; global_colors_info=&#8221;{}&#8221;][et_pb_column type=&#8221;4_4&#8243; _builder_version=&#8221;4.16&#8243; custom_padding=&#8221;|||&#8221; global_colors_info=&#8221;{}&#8221; custom_padding__hover=&#8221;|||&#8221;][et_pb_image src=&#8221;https:\/\/montedellevigne.it\/wp-content\/uploads\/2023\/03\/Luigi-e-trattore.jpeg&#8221; title_text=&#8221;Luigi-e-trattore&#8221; align=&#8221;center&#8221; _builder_version=&#8221;4.20.2&#8243; _module_preset=&#8221;default&#8221; hover_enabled=&#8221;0&#8243; global_colors_info=&#8221;{}&#8221; sticky_enabled=&#8221;0&#8243;][\/et_pb_image][et_pb_text _builder_version=&#8221;4.20.2&#8243; background_size=&#8221;initial&#8221; background_position=&#8221;top_left&#8221; background_repeat=&#8221;repeat&#8221; global_colors_info=&#8221;{}&#8221;]<\/p>\n<p style=\"font-weight: 400;\">Questa storia vi ruber\u00e0 solo <em>10\u00a0minuti<\/em> per leggerla, forse meno, ma vi dar\u00e0 un grande forza interiore e vi render\u00e0 orgogliosi di quello che fate, qualunque sia il vostro lavoro: questa, infatti, \u00e8 una testimonianza della passione e della determinazione necessarie per fare ci\u00f2 che si ama e per raccogliere grandi frutti.<\/p>\n<p style=\"font-weight: 400;\"><em>Luigi<\/em> \u00e8 un uomo forte e laborioso, un viticoltore che dedica la sua vita alla cura delle viti e alla produzione di vino di alta qualit\u00e0. <em>Luigi<\/em> vive in una piccola citt\u00e0 italiana circondata da colline coperte di vigneti e fin da giovane ha sempre amato la campagna e il lavoro all&#8217;aperto. Dopo aver terminato la scuola, ha deciso di seguire la sua passione e ha iniziato a lavorare come apprendista presso una cantina locale. Dopo molti anni di duro lavoro e dedizione, <em>Luigi<\/em> ha acquisito la conoscenza e l&#8217;esperienza necessarie per diventare uno dei pi\u00f9 esperti viticultori di <em>Monte delle Vigne<\/em>.<\/p>\n<p style=\"font-weight: 400;\">La giornata di <em>Luigi<\/em> inizia presto, molto presto, a prescindere dalla stagione, dal caldo o dal freddo: si alza all&#8217;alba e si dirige subito al vigneto, dove inizia la sua giornata di lavoro. Il suo compito principale \u00e8 quello di curare le viti, un\u2019attivit\u00e0 che richiede molta pazienza, cura e attenzione ai dettagli. E di guidare il trattore. S\u00ec, perch\u00e9 <em>Luigi<\/em> lo conduce su e gi\u00f9 dalle colline sopra Ozzano Taro, principalmente da solo, curando il terreno e fornendo tutte quelle colture che il <em>sovescio\u00a0<\/em>prescrive. Ma \u00e8 durante la vendemmia, che <em>Luigi<\/em> e il suo trattore diventano il cuore pulsante dei vigneti di <em>Monte delle Vigne<\/em>. Su e gi\u00f9 da <em>Montebianco<\/em>, <em>Bertolona<\/em>, <em>Cantina Vecchia<\/em>, <em>Ca\u2019 Bruciata<\/em>, <em>Rio Valli<\/em> \u2013 per citare alcuni nomi degli appezzamenti della tenuta \u2013 <em>Luigi<\/em> scandisce il lavoro con il rombo del suo trattore e le urla di incitamento agli uomini delle vigne.<\/p>\n<p style=\"font-weight: 400;\">Ora, il responsabile in campo \u00e8 <em>Andrea Bonini<\/em>, l\u2019agronomo di <em>Monte delle Vigne<\/em>, ma quando <em>Andrea<\/em> viaggia fra vigna e cantina per analizzare le uve, il capitano degli eroici vendemmiatori \u00e8 lui \u2013 <em>Luigi<\/em> \u2013 con la forza e il cipiglio di chi ha affrontato e superato tante salite, nei campi come nella vita.<\/p>\n<p style=\"font-weight: 400;\">Nonostante il lavoro intenso e faticoso, <em>Luigi<\/em> ama quello che fa. La sua passione per la viticoltura \u00e8 evidente in ogni aspetto del suo lavoro, dal modo in cui cura le piante al modo in cui parla delle \u201csue\u201d uve. Per lui, la produzione di un buon vino non \u00e8 solo un lavoro, ma \u00e8 una forma d&#8217;arte che richiede tempo, dedizione e passione.<\/p>\n<p style=\"font-weight: 400;\">\u201c<em>Guarda qui che grappolo, adesso vai a farlo vedere alle altre cantine di Parma e chiedi se ne hanno uno cos\u00ec!<\/em>\u201d, ha strepitato, quasi spolmonandosi per l\u2019orgoglio, ma anche la frustrazione di chi vorrebbe far sapere a tutto il mondo cosa produce la terra di <em>Monte delle Vigne<\/em> grazie a chi la cura con amore infinito.<\/p>\n<p style=\"font-weight: 400;\">Abbiamo poi scoperto che questa scena si ripete nei bar in paese, dove spesso <em>Luigi<\/em> porta le prime bottiglie di ciascun lotto per farle assaggiare, ma soprattutto per riceve gli encomi della gente come lui, legata cos\u00ec tanto alla loro terra e alle loro origini.<\/p>\n<p style=\"font-weight: 400;\">Per <em>Luigi<\/em>, il suo lavoro \u00e8 un modo per preservare la tradizione e la cultura della sua regione, e per creare qualcosa di bello e prezioso che possa essere apprezzato da tutti: infatti, le storie di <em>Luigi<\/em> non si fermano all\u2019uva e al vino, ma raccontano di boschi, di laghi (sono <em>quattro<\/em> quelli all\u2019interno dei <em>60 ettari<\/em> di <em>Monte delle Vigne<\/em>) di avvistamenti notturni \u2013 s\u00ec, fa anche le ronde! \u2013 di cinghiali, volpi e persino di istrici!<\/p>\n<p style=\"font-weight: 400;\">Dopo tutto, il lavoro di <em>Luigi<\/em> non \u00e8 solo una questione di viticoltura. Il suo ruolo di \u201ctrattorista dal cuore grande\u201d lo porta a essere un importante custode della terra e dell&#8217;ambiente circostante. Sa che la cura del suolo e delle piante \u00e8 essenziale per proteggere la salute dell&#8217;ecosistema e preservare il territorio per le generazioni future. La sua attenzione ai dettagli, la sua conoscenza della terra e il suo rispetto per l&#8217;ambiente lo rendono davvero un esempio per tutti noi.<\/p>\n<p>[\/et_pb_text][et_pb_gallery gallery_ids=&#8221;245508,245488,245489,245490,245491,245492&#8243; show_title_and_caption=&#8221;off&#8221; _builder_version=&#8221;4.20.2&#8243; _module_preset=&#8221;default&#8221; global_colors_info=&#8221;{}&#8221;][\/et_pb_gallery][\/et_pb_column][\/et_pb_row][\/et_pb_section]<\/p>\n","protected":false},"excerpt":{"rendered":"<p>Questa storia vi ruber\u00e0 solo 10\u00a0minuti per leggerla, forse meno, ma vi dar\u00e0 un grande forza interiore e vi render\u00e0 orgogliosi di quello che fate, qualunque sia il vostro lavoro: questa, infatti, \u00e8 una testimonianza della passione e della determinazione necessarie per fare ci\u00f2 che si ama e per raccogliere grandi frutti. Luigi \u00e8 un [&hellip;]<\/p>\n","protected":false},"author":3041,"featured_media":0,"comment_status":"closed","ping_status":"closed","sticky":false,"template":"","format":"standard","meta":{"_et_pb_use_builder":"on","_et_pb_old_content":"<p style=\"text-align: right;\">26 Ottobre 2022<\/p><p style=\"text-align: center;\"><em>\"Nabucco<\/em> <em>non celebra solo i suoi primi trent\u2019anni, ma anche l\u2019inizio di un lungo cammino che ha visto la nostra <\/em><em>azienda protagonista della produzione di vini biologici di qualit\u00e0, nel rispetto della sostenibilit\u00e0 e sostenuti da una forte passione, a partire da vitigni radicati nel territorio, e dal peculiare carattere fermo in controtendenza con i vini frizzanti tipici di questa terra. Una festa per il successo di un vino quindi che, fin dal nome, trasmette energia e tenacia, gli stessi valori dell\u2019opera verdiana che ha debuttato alla Scala di Milano<\/em><em> nel 1842\".<\/em><\/p><p style=\"text-align: center;\"><em>Paolo Pizzarotti<\/em><\/p><p><img class=\"wp-image-244534 aligncenter\" src=\"https:\/\/montedellevigne.it\/wp-content\/uploads\/2022\/10\/f87e29ad-d34e-47f2-9b5c-9133a520e769-225x300.jpg\" alt=\"\" width=\"197\" height=\"262\" \/><\/p><p><strong><em>Nabucco<\/em><\/strong>, il vino simbolo dell\u2019azienda e<strong><em>\u00a0<\/em><\/strong>prodotto esclusivamente con uve Barbera e Merlot, celebra quest\u2019anno <strong>le trenta vendemmie<\/strong>. <em>Nabucco<\/em> \u00e8 una sintesi profonda dell\u2019identit\u00e0 della cantina: \u00e8 <strong>il primo vino<\/strong> nato in casa Monte delle Vigne, nel 1992, ed \u00e8 <strong>il primo rosso fermo<\/strong> realizzato a Parma, un territorio dove per tradizione dominano i frizzanti. Il nome del vino \u00e8 un omaggio al territorio parmense e al suo carattere legato al mondo lirico come citt\u00e0 della musica.<\/p><p>I vigneti con cui viene prodotto Nabucco hanno dai nove ai trent\u2019anni di et\u00e0 e crescono su <strong>terreni calcareo argillosi<\/strong> ad un\u2019altitudine di <strong>200\/300 metri<\/strong>. L\u2019<strong>uva Barbera <\/strong>viene selezionata e raccolta a mano e macera, dopo la fermentazione a 32\u00b0, \u00a030 giorni sulle bucce e <strong>affina poi 12\/14 mesi<\/strong><\/p><p>\u00a0<\/p><p style=\"text-align: left;\">Per festeggiare questo suo importante traguardo lo abbiamo reso protagonista di un pranzo esclusivo in una <strong>verticale senza tempo<\/strong>: <strong>una selezione di 5 annate<\/strong>, rappresentative delle migliori espressioni del percorso di Nabucco, in un gioco perfetto di sapori ed equilibri studiato dallo Chef de <strong>\"Il Luogo di Aimo e Nadia\"<\/strong><\/p><p><img class=\"wp-image-244700 aligncenter\" src=\"https:\/\/montedellevigne.it\/wp-content\/uploads\/2022\/12\/MONTE-DELLE-VIGNE-Nabucco-menu_pages-to-jpg-0001-300x206.jpg\" alt=\"\" width=\"172\" height=\"118\" \/><\/p><p style=\"text-align: center;\"><strong>Ripercorri con noi le tappe di questo <\/strong><\/p><p style=\"text-align: center;\"><strong>indimenticabile viaggio<\/strong><\/p>[caption id=\"attachment_244604\" align=\"aligncenter\" width=\"300\"]<img class=\"wp-image-244604 size-medium\" src=\"https:\/\/montedellevigne.it\/wp-content\/uploads\/2022\/10\/cce2cb1f-2a61-460b-96ff-660c7e95e658-300x225.jpg\" alt=\"\" width=\"300\" height=\"225\" \/> Cicerchie dei Monti Dauni con marasciuolo, oliva Nolca e lampascioni all\u2019aceto di lamponi - Nabucco 2018[\/caption][caption id=\"attachment_244602\" align=\"aligncenter\" width=\"300\"]<img class=\"wp-image-244602 size-medium\" src=\"https:\/\/montedellevigne.it\/wp-content\/uploads\/2022\/10\/5bb5df04-d249-4964-b7b8-30ca7270baf5-300x225.jpg\" alt=\"\" width=\"300\" height=\"225\" \/> Mousse di funghi porcini su pan brioche caldo - Nabucco 2015[\/caption][caption id=\"attachment_244600\" align=\"aligncenter\" width=\"300\"]<img class=\"wp-image-244600 size-medium\" src=\"https:\/\/montedellevigne.it\/wp-content\/uploads\/2022\/10\/00a994aa-6547-44c9-a3af-ad9b2f149683-300x225.jpg\" alt=\"\" width=\"300\" height=\"225\" \/> Tortelli farciti di ossobuco di Fassona e midollo e il suo ristretto allo zafferano sardo e parmigiano - Nabucco 2011[\/caption][caption id=\"attachment_244603\" align=\"aligncenter\" width=\"300\"]<img class=\"wp-image-244603 size-medium\" src=\"https:\/\/montedellevigne.it\/wp-content\/uploads\/2022\/10\/a53ef983-2587-433a-aeb8-0c9311d91cc9-300x225.jpg\" alt=\"\" width=\"300\" height=\"225\" \/> tortelli farciti di ossobuco di Fassona e midollo e il suo ristretto allo zafferano sardo e parmigiano - Nabucco 2005[\/caption][caption id=\"attachment_244601\" align=\"aligncenter\" width=\"300\"]<img class=\"wp-image-244601 size-medium\" src=\"https:\/\/montedellevigne.it\/wp-content\/uploads\/2022\/10\/4cd15962-6ce4-4d5b-9433-89226abb8ac4-300x225.jpg\" alt=\"\" width=\"300\" height=\"225\" \/> Anatra Apicius affumicata alle spezie con salsa di seppie - Nabucco 1998[\/caption]<p>\u00a0<\/p><p style=\"text-align: center;\"><strong>APPROFONDIMENTI<\/strong><\/p><p style=\"text-align: center;\"><a href=\"https:\/\/montedellevigne.it\/wp-content\/uploads\/2022\/10\/MONTE-DELLE-VIGNE-Nabucco-menu.pdf\" target=\"_blank\" rel=\"noopener\">MONTE DELLE VIGNE & iL LUOGO - Men\u00f9<\/a><\/p><p style=\"text-align: center;\"><a href=\"https:\/\/montedellevigne.it\/wp-content\/uploads\/2022\/10\/ANDAMENTO-ANNATE_def.pdf\">NABUCCO - ANDAMENTO ANNATE<\/a><\/p><p style=\"text-align: center;\"><strong>RASSEGNA STAMPA<\/strong><\/p><p style=\"text-align: center;\"><a href=\"https:\/\/www.civiltadelbere.com\/nabucco-di-monte-delle-vigne-racconta-i-suoi-primi-30-anni\/\" target=\"_blank\" rel=\"noopener\">CIVILTA' DEL BERE<\/a><\/p><p style=\"text-align: center;\"><a href=\"https:\/\/www.ilgolosario.it\/it\/monte-delle-vigne-lo-splendore-della-barbera\" target=\"_blank\" rel=\"noopener\">IL GOLOSARIO<\/a><\/p><p style=\"text-align: center;\"><a href=\"https:\/\/www.ioeilvino.it\/monte-delle-vigne-30-anni-di-nabucco\/\" target=\"_blank\" rel=\"noopener\">IOEILVINO.IT<\/a><\/p>","_et_gb_content_width":"","footnotes":""},"categories":[42],"tags":[],"class_list":["post-245486","post","type-post","status-publish","format-standard","hentry","category-news"],"yoast_head":"<!-- This site is optimized with the Yoast SEO plugin v27.4 - https:\/\/yoast.com\/product\/yoast-seo-wordpress\/ -->\n<title>LUIGI, CUORE E TRATTORE - Monte delle Vigne<\/title>\n<meta name=\"robots\" content=\"noindex, follow\" \/>\n<meta property=\"og:locale\" content=\"en_GB\" \/>\n<meta property=\"og:type\" content=\"article\" \/>\n<meta property=\"og:title\" content=\"LUIGI, CUORE E TRATTORE - Monte delle Vigne\" \/>\n<meta property=\"og:description\" content=\"Questa storia vi ruber\u00e0 solo 10\u00a0minuti per leggerla, forse meno, ma vi dar\u00e0 un grande forza interiore e vi render\u00e0 orgogliosi di quello che fate, qualunque sia il vostro lavoro: questa, infatti, \u00e8 una testimonianza della passione e della determinazione necessarie per fare ci\u00f2 che si ama e per raccogliere grandi frutti. Luigi \u00e8 un [&hellip;]\" \/>\n<meta property=\"og:url\" content=\"https:\/\/montedellevigne.it\/en\/team-luigi-cuore-trattore\/\" \/>\n<meta property=\"og:site_name\" content=\"Monte delle Vigne\" \/>\n<meta property=\"article:published_time\" content=\"2022-10-10T16:00:23+00:00\" \/>\n<meta property=\"article:modified_time\" content=\"2023-05-02T07:41:32+00:00\" \/>\n<meta name=\"author\" content=\"Riccardo Toschi\" \/>\n<meta name=\"twitter:card\" content=\"summary_large_image\" \/>\n<meta name=\"twitter:label1\" content=\"Written by\" \/>\n\t<meta name=\"twitter:data1\" content=\"Riccardo Toschi\" \/>\n\t<meta name=\"twitter:label2\" content=\"Estimated reading time\" \/>\n\t<meta name=\"twitter:data2\" content=\"4 minutes\" \/>\n<script type=\"application\/ld+json\" class=\"yoast-schema-graph\">{\"@context\":\"https:\\\/\\\/schema.org\",\"@graph\":[{\"@type\":\"Article\",\"@id\":\"https:\\\/\\\/montedellevigne.it\\\/team-luigi-cuore-trattore\\\/#article\",\"isPartOf\":{\"@id\":\"https:\\\/\\\/montedellevigne.it\\\/team-luigi-cuore-trattore\\\/\"},\"author\":{\"name\":\"Riccardo Toschi\",\"@id\":\"https:\\\/\\\/montedellevigne.it\\\/it\\\/#\\\/schema\\\/person\\\/aa6be378b7747052cc9a2083133d6f20\"},\"headline\":\"LUIGI, CUORE E TRATTORE\",\"datePublished\":\"2022-10-10T16:00:23+00:00\",\"dateModified\":\"2023-05-02T07:41:32+00:00\",\"mainEntityOfPage\":{\"@id\":\"https:\\\/\\\/montedellevigne.it\\\/team-luigi-cuore-trattore\\\/\"},\"wordCount\":804,\"publisher\":{\"@id\":\"https:\\\/\\\/montedellevigne.it\\\/it\\\/#organization\"},\"articleSection\":[\"News\"],\"inLanguage\":\"en-GB\"},{\"@type\":\"WebPage\",\"@id\":\"https:\\\/\\\/montedellevigne.it\\\/team-luigi-cuore-trattore\\\/\",\"url\":\"https:\\\/\\\/montedellevigne.it\\\/team-luigi-cuore-trattore\\\/\",\"name\":\"LUIGI, CUORE E TRATTORE - Monte delle Vigne\",\"isPartOf\":{\"@id\":\"https:\\\/\\\/montedellevigne.it\\\/it\\\/#website\"},\"datePublished\":\"2022-10-10T16:00:23+00:00\",\"dateModified\":\"2023-05-02T07:41:32+00:00\",\"inLanguage\":\"en-GB\",\"potentialAction\":[{\"@type\":\"ReadAction\",\"target\":[\"https:\\\/\\\/montedellevigne.it\\\/team-luigi-cuore-trattore\\\/\"]}]},{\"@type\":\"WebSite\",\"@id\":\"https:\\\/\\\/montedellevigne.it\\\/it\\\/#website\",\"url\":\"https:\\\/\\\/montedellevigne.it\\\/it\\\/\",\"name\":\"Monte delle Vigne\",\"description\":\"\",\"publisher\":{\"@id\":\"https:\\\/\\\/montedellevigne.it\\\/it\\\/#organization\"},\"potentialAction\":[{\"@type\":\"SearchAction\",\"target\":{\"@type\":\"EntryPoint\",\"urlTemplate\":\"https:\\\/\\\/montedellevigne.it\\\/it\\\/?s={search_term_string}\"},\"query-input\":{\"@type\":\"PropertyValueSpecification\",\"valueRequired\":true,\"valueName\":\"search_term_string\"}}],\"inLanguage\":\"en-GB\"},{\"@type\":\"Organization\",\"@id\":\"https:\\\/\\\/montedellevigne.it\\\/it\\\/#organization\",\"name\":\"Monte delle Vigne\",\"url\":\"https:\\\/\\\/montedellevigne.it\\\/it\\\/\",\"logo\":{\"@type\":\"ImageObject\",\"inLanguage\":\"en-GB\",\"@id\":\"https:\\\/\\\/montedellevigne.it\\\/it\\\/#\\\/schema\\\/logo\\\/image\\\/\",\"url\":\"https:\\\/\\\/montedellevigne.it\\\/wp-content\\\/uploads\\\/2020\\\/05\\\/MdV-logo-trasp-no-foglia.png\",\"contentUrl\":\"https:\\\/\\\/montedellevigne.it\\\/wp-content\\\/uploads\\\/2020\\\/05\\\/MdV-logo-trasp-no-foglia.png\",\"width\":393,\"height\":200,\"caption\":\"Monte delle Vigne\"},\"image\":{\"@id\":\"https:\\\/\\\/montedellevigne.it\\\/it\\\/#\\\/schema\\\/logo\\\/image\\\/\"}},{\"@type\":\"Person\",\"@id\":\"https:\\\/\\\/montedellevigne.it\\\/it\\\/#\\\/schema\\\/person\\\/aa6be378b7747052cc9a2083133d6f20\",\"name\":\"Riccardo Toschi\",\"image\":{\"@type\":\"ImageObject\",\"inLanguage\":\"en-GB\",\"@id\":\"https:\\\/\\\/secure.gravatar.com\\\/avatar\\\/572800b965aa61c121ca2890b7855ab49bf0449f987dd713c93dd8210dfd7f89?s=96&d=blank&r=g\",\"url\":\"https:\\\/\\\/secure.gravatar.com\\\/avatar\\\/572800b965aa61c121ca2890b7855ab49bf0449f987dd713c93dd8210dfd7f89?s=96&d=blank&r=g\",\"contentUrl\":\"https:\\\/\\\/secure.gravatar.com\\\/avatar\\\/572800b965aa61c121ca2890b7855ab49bf0449f987dd713c93dd8210dfd7f89?s=96&d=blank&r=g\",\"caption\":\"Riccardo Toschi\"},\"url\":\"https:\\\/\\\/montedellevigne.it\\\/en\\\/author\\\/mdv-admin\\\/\"}]}<\/script>\n<!-- \/ Yoast SEO plugin. -->","yoast_head_json":{"title":"LUIGI, CUORE E TRATTORE - Monte delle Vigne","robots":{"index":"noindex","follow":"follow"},"og_locale":"en_GB","og_type":"article","og_title":"LUIGI, CUORE E TRATTORE - Monte delle Vigne","og_description":"Questa storia vi ruber\u00e0 solo 10\u00a0minuti per leggerla, forse meno, ma vi dar\u00e0 un grande forza interiore e vi render\u00e0 orgogliosi di quello che fate, qualunque sia il vostro lavoro: questa, infatti, \u00e8 una testimonianza della passione e della determinazione necessarie per fare ci\u00f2 che si ama e per raccogliere grandi frutti. Luigi \u00e8 un [&hellip;]","og_url":"https:\/\/montedellevigne.it\/en\/team-luigi-cuore-trattore\/","og_site_name":"Monte delle Vigne","article_published_time":"2022-10-10T16:00:23+00:00","article_modified_time":"2023-05-02T07:41:32+00:00","author":"Riccardo Toschi","twitter_card":"summary_large_image","twitter_misc":{"Written by":"Riccardo Toschi","Estimated reading time":"4 minutes"},"schema":{"@context":"https:\/\/schema.org","@graph":[{"@type":"Article","@id":"https:\/\/montedellevigne.it\/team-luigi-cuore-trattore\/#article","isPartOf":{"@id":"https:\/\/montedellevigne.it\/team-luigi-cuore-trattore\/"},"author":{"name":"Riccardo Toschi","@id":"https:\/\/montedellevigne.it\/it\/#\/schema\/person\/aa6be378b7747052cc9a2083133d6f20"},"headline":"LUIGI, CUORE E TRATTORE","datePublished":"2022-10-10T16:00:23+00:00","dateModified":"2023-05-02T07:41:32+00:00","mainEntityOfPage":{"@id":"https:\/\/montedellevigne.it\/team-luigi-cuore-trattore\/"},"wordCount":804,"publisher":{"@id":"https:\/\/montedellevigne.it\/it\/#organization"},"articleSection":["News"],"inLanguage":"en-GB"},{"@type":"WebPage","@id":"https:\/\/montedellevigne.it\/team-luigi-cuore-trattore\/","url":"https:\/\/montedellevigne.it\/team-luigi-cuore-trattore\/","name":"LUIGI, CUORE E TRATTORE - Monte delle Vigne","isPartOf":{"@id":"https:\/\/montedellevigne.it\/it\/#website"},"datePublished":"2022-10-10T16:00:23+00:00","dateModified":"2023-05-02T07:41:32+00:00","inLanguage":"en-GB","potentialAction":[{"@type":"ReadAction","target":["https:\/\/montedellevigne.it\/team-luigi-cuore-trattore\/"]}]},{"@type":"WebSite","@id":"https:\/\/montedellevigne.it\/it\/#website","url":"https:\/\/montedellevigne.it\/it\/","name":"Monte delle Vigne","description":"","publisher":{"@id":"https:\/\/montedellevigne.it\/it\/#organization"},"potentialAction":[{"@type":"SearchAction","target":{"@type":"EntryPoint","urlTemplate":"https:\/\/montedellevigne.it\/it\/?s={search_term_string}"},"query-input":{"@type":"PropertyValueSpecification","valueRequired":true,"valueName":"search_term_string"}}],"inLanguage":"en-GB"},{"@type":"Organization","@id":"https:\/\/montedellevigne.it\/it\/#organization","name":"Monte delle Vigne","url":"https:\/\/montedellevigne.it\/it\/","logo":{"@type":"ImageObject","inLanguage":"en-GB","@id":"https:\/\/montedellevigne.it\/it\/#\/schema\/logo\/image\/","url":"https:\/\/montedellevigne.it\/wp-content\/uploads\/2020\/05\/MdV-logo-trasp-no-foglia.png","contentUrl":"https:\/\/montedellevigne.it\/wp-content\/uploads\/2020\/05\/MdV-logo-trasp-no-foglia.png","width":393,"height":200,"caption":"Monte delle Vigne"},"image":{"@id":"https:\/\/montedellevigne.it\/it\/#\/schema\/logo\/image\/"}},{"@type":"Person","@id":"https:\/\/montedellevigne.it\/it\/#\/schema\/person\/aa6be378b7747052cc9a2083133d6f20","name":"Riccardo Toschi","image":{"@type":"ImageObject","inLanguage":"en-GB","@id":"https:\/\/secure.gravatar.com\/avatar\/572800b965aa61c121ca2890b7855ab49bf0449f987dd713c93dd8210dfd7f89?s=96&d=blank&r=g","url":"https:\/\/secure.gravatar.com\/avatar\/572800b965aa61c121ca2890b7855ab49bf0449f987dd713c93dd8210dfd7f89?s=96&d=blank&r=g","contentUrl":"https:\/\/secure.gravatar.com\/avatar\/572800b965aa61c121ca2890b7855ab49bf0449f987dd713c93dd8210dfd7f89?s=96&d=blank&r=g","caption":"Riccardo Toschi"},"url":"https:\/\/montedellevigne.it\/en\/author\/mdv-admin\/"}]}},"_links":{"self":[{"href":"https:\/\/montedellevigne.it\/en\/wp-json\/wp\/v2\/posts\/245486","targetHints":{"allow":["GET"]}}],"collection":[{"href":"https:\/\/montedellevigne.it\/en\/wp-json\/wp\/v2\/posts"}],"about":[{"href":"https:\/\/montedellevigne.it\/en\/wp-json\/wp\/v2\/types\/post"}],"author":[{"embeddable":true,"href":"https:\/\/montedellevigne.it\/en\/wp-json\/wp\/v2\/users\/3041"}],"replies":[{"embeddable":true,"href":"https:\/\/montedellevigne.it\/en\/wp-json\/wp\/v2\/comments?post=245486"}],"version-history":[{"count":0,"href":"https:\/\/montedellevigne.it\/en\/wp-json\/wp\/v2\/posts\/245486\/revisions"}],"wp:attachment":[{"href":"https:\/\/montedellevigne.it\/en\/wp-json\/wp\/v2\/media?parent=245486"}],"wp:term":[{"taxonomy":"category","embeddable":true,"href":"https:\/\/montedellevigne.it\/en\/wp-json\/wp\/v2\/categories?post=245486"},{"taxonomy":"post_tag","embeddable":true,"href":"https:\/\/montedellevigne.it\/en\/wp-json\/wp\/v2\/tags?post=245486"}],"curies":[{"name":"wp","href":"https:\/\/api.w.org\/{rel}","templated":true}]}}