{"id":245983,"date":"2023-05-09T19:00:05","date_gmt":"2023-05-09T17:00:05","guid":{"rendered":"https:\/\/montedellevigne.it\/?p=245983"},"modified":"2023-05-13T10:37:03","modified_gmt":"2023-05-13T08:37:03","slug":"evento-villani-winebyrinth","status":"publish","type":"post","link":"https:\/\/montedellevigne.it\/en\/evento-villani-winebyrinth\/","title":{"rendered":"The \u201cVillani Day\u201d: widespread approval from both the public and industry professionals"},"content":{"rendered":"<p>[et_pb_section fb_built=&#8221;1&#8243; _builder_version=&#8221;4.20.0&#8243; background_color=&#8221;#FFFFFF&#8221; global_colors_info=&#8221;{}&#8221;][et_pb_row _builder_version=&#8221;4.20.0&#8243; background_size=&#8221;initial&#8221; background_position=&#8221;top_left&#8221; background_repeat=&#8221;repeat&#8221; global_colors_info=&#8221;{}&#8221;][et_pb_column type=&#8221;4_4&#8243; _builder_version=&#8221;4.16&#8243; custom_padding=&#8221;|||&#8221; global_colors_info=&#8221;{}&#8221; custom_padding__hover=&#8221;|||&#8221;][et_pb_image src=&#8221;https:\/\/montedellevigne.it\/wp-content\/uploads\/2023\/05\/Winebyrinth.jpg&#8221; title_text=&#8221;Winebyrinth&#8221; align=&#8221;center&#8221; _builder_version=&#8221;4.21.0&#8243; _module_preset=&#8221;default&#8221; global_colors_info=&#8221;{}&#8221;][\/et_pb_image][et_pb_text _builder_version=&#8221;4.21.0&#8243; background_size=&#8221;initial&#8221; background_position=&#8221;top_left&#8221; background_repeat=&#8221;repeat&#8221; global_colors_info=&#8221;{}&#8221;]<\/p>\n<p>L\u2019agenzia <em>Villani rappresentanze<\/em> ha organizzato un evento di grande impatto promozionale &#8211; <strong><em>Winebyrinth<\/em><\/strong> -, invitando ben <em>40 cantine produttrici<\/em> al <em>Labirinto della Masone<\/em>\u00a0per promuoverne i relativi cataloghi vini e alcune aziende &#8220;chicche&#8221; del mondo del <em>food<\/em>, dai salumi al riso, dai distillati all&#8217;acqua in bottiglia. L\u2019evento si \u00e8 tenuto <em>marted\u00ec 9 maggio<\/em>\u00a0<em>2023<\/em> presso la maestosa corte del <em>Labirinto<\/em>, situato a Fontanellato, in provincia di Parma.\u00a0Il <em>Labirinto della Masone<\/em> \u00e8 un parco di oltre 7 ettari, pensato e realizzato dal visionario editore <em>Franco Maria Ricci<\/em>, che ospita una grande collezione di arte contemporanea e un labirinto di bamb\u00f9 alto oltre 3 metri.<\/p>\n<p>L\u2019agenzia <em>Villani<\/em>, focalizzata nella distribuzione di vini di alta qualit\u00e0 su Parma e provincia, ha curato tutti i dettagli &#8211; porta calici e t-shirt brandizzati, totem, etc &#8211; affinch\u00e9 i produttori potessero presentare le loro etichette ai visitatori intervenuti, costituiti per lo pi\u00f9 da clienti business <em>Ho.Re.Ca.<\/em>, ma anche da giornalisti e influencer appassionati del nostro settore.<\/p>\n<p><em>Monte delle Vigne<\/em> ha assicurato la propria presenza alternando numerosi membri del <em>team<\/em> al tavolo di degustazione;\u00a0inoltre, la stupenda cornice \u00e8 stata l&#8217;occasione giusta per presentare in anteprima il nuovo <em>Sauvignon<\/em> frizzante dei <em>Colli di Parma<\/em> <strong><em>Sei Sassi<\/em><\/strong>, nome che deriva da una panchina &#8220;naturale&#8221; costituita &#8211; appunto &#8211; da 6 giganti massi di roccia e situata a pochi metri all&#8217;appezzamento del Sauvignon.<\/p>\n<p>La scelta di organizzare l\u2019evento presso il <em>Labirinto della Masone<\/em> \u00e8 stata particolarmente felice, in quanto la corte &#8211; con piramide sovrastante &#8211; che si raggiunge una volta superato il labirinto (vedasi video) ben si presta a questo tipo di eventi e rappresenta un\u2019attrazione turistica di grande richiamo per la provincia di Parma. Inoltre, il contesto suggestivo del luogo si \u00e8 rivelato perfetto per valorizzare i prodotti proposti dai fornitori dell\u2019agenzia <em>Villani<\/em>.<\/p>\n<p>L\u2019evento \u00e8 stato un successo, con un grande afflusso di visitatori che hanno apprezzato la possibilit\u00e0 di scoprire nuovi vini e di incontrare i produttori che li realizzano. L\u2019agenzia <em>Villani<\/em>, con questo importante evento, ha valorizzato al meglio i prodotti dei propri fornitori e offrendo al pubblico un\u2019esperienza unica e indimenticabile.<\/p>\n<p>Qui sotto, la pagina in cui\u00a0<em>Mauro Villani<\/em> spiega il <em>perch\u00e8<\/em>\u00a0di questa giornata:<br \/><a href=\"https:\/\/villanirappresentanze.it\/villani-rappresentanze-cantine-italiane\/\" target=\"_blank\" rel=\"noopener\">https:\/\/villanirappresentanze.it\/villani-rappresentanze-cantine-italiane\/<\/a><\/p>\n<p>[\/et_pb_text][et_pb_gallery gallery_ids=&#8221;245994,245995,245996,245997,245998,245999,246000,246001,246002,246003,246004,246005,246006,246007,246039,246041&#8243; show_title_and_caption=&#8221;off&#8221; _builder_version=&#8221;4.21.0&#8243; _module_preset=&#8221;default&#8221; hover_enabled=&#8221;0&#8243; global_colors_info=&#8221;{}&#8221; sticky_enabled=&#8221;0&#8243;][\/et_pb_gallery][et_pb_video src=&#8221;https:\/\/montedellevigne.it\/wp-content\/uploads\/2023\/05\/Villani-day-al-Labirinto.mp4&#8243; _builder_version=&#8221;4.21.0&#8243; _module_preset=&#8221;default&#8221; global_colors_info=&#8221;{}&#8221;][\/et_pb_video][\/et_pb_column][\/et_pb_row][\/et_pb_section]<\/p>\n","protected":false},"excerpt":{"rendered":"<p>L\u2019agenzia Villani rappresentanze ha organizzato un evento di grande impatto promozionale &#8211; Winebyrinth -, invitando ben 40 cantine produttrici al Labirinto della Masone\u00a0per promuoverne i relativi cataloghi vini e alcune aziende &#8220;chicche&#8221; del mondo del food, dai salumi al riso, dai distillati all&#8217;acqua in bottiglia. L\u2019evento si \u00e8 tenuto marted\u00ec 9 maggio\u00a02023 presso la maestosa [&hellip;]<\/p>\n","protected":false},"author":2674,"featured_media":0,"comment_status":"closed","ping_status":"closed","sticky":false,"template":"","format":"standard","meta":{"_et_pb_use_builder":"on","_et_pb_old_content":"<p style=\"text-align: right;\">26 Ottobre 2022<\/p><p style=\"text-align: center;\"><em>\"Nabucco<\/em> <em>non celebra solo i suoi primi trent\u2019anni, ma anche l\u2019inizio di un lungo cammino che ha visto la nostra <\/em><em>azienda protagonista della produzione di vini biologici di qualit\u00e0, nel rispetto della sostenibilit\u00e0 e sostenuti da una forte passione, a partire da vitigni radicati nel territorio, e dal peculiare carattere fermo in controtendenza con i vini frizzanti tipici di questa terra. Una festa per il successo di un vino quindi che, fin dal nome, trasmette energia e tenacia, gli stessi valori dell\u2019opera verdiana che ha debuttato alla Scala di Milano<\/em><em> nel 1842\".<\/em><\/p><p style=\"text-align: center;\"><em>Paolo Pizzarotti<\/em><\/p><p><img class=\"wp-image-244534 aligncenter\" src=\"https:\/\/montedellevigne.it\/wp-content\/uploads\/2022\/10\/f87e29ad-d34e-47f2-9b5c-9133a520e769-225x300.jpg\" alt=\"\" width=\"197\" height=\"262\" \/><\/p><p><strong><em>Nabucco<\/em><\/strong>, il vino simbolo dell\u2019azienda e<strong><em>\u00a0<\/em><\/strong>prodotto esclusivamente con uve Barbera e Merlot, celebra quest\u2019anno <strong>le trenta vendemmie<\/strong>. <em>Nabucco<\/em> \u00e8 una sintesi profonda dell\u2019identit\u00e0 della cantina: \u00e8 <strong>il primo vino<\/strong> nato in casa Monte delle Vigne, nel 1992, ed \u00e8 <strong>il primo rosso fermo<\/strong> realizzato a Parma, un territorio dove per tradizione dominano i frizzanti. Il nome del vino \u00e8 un omaggio al territorio parmense e al suo carattere legato al mondo lirico come citt\u00e0 della musica.<\/p><p>I vigneti con cui viene prodotto Nabucco hanno dai nove ai trent\u2019anni di et\u00e0 e crescono su <strong>terreni calcareo argillosi<\/strong> ad un\u2019altitudine di <strong>200\/300 metri<\/strong>. L\u2019<strong>uva Barbera <\/strong>viene selezionata e raccolta a mano e macera, dopo la fermentazione a 32\u00b0, \u00a030 giorni sulle bucce e <strong>affina poi 12\/14 mesi<\/strong><\/p><p>\u00a0<\/p><p style=\"text-align: left;\">Per festeggiare questo suo importante traguardo lo abbiamo reso protagonista di un pranzo esclusivo in una <strong>verticale senza tempo<\/strong>: <strong>una selezione di 5 annate<\/strong>, rappresentative delle migliori espressioni del percorso di Nabucco, in un gioco perfetto di sapori ed equilibri studiato dallo Chef de <strong>\"Il Luogo di Aimo e Nadia\"<\/strong><\/p><p><img class=\"wp-image-244700 aligncenter\" src=\"https:\/\/montedellevigne.it\/wp-content\/uploads\/2022\/12\/MONTE-DELLE-VIGNE-Nabucco-menu_pages-to-jpg-0001-300x206.jpg\" alt=\"\" width=\"172\" height=\"118\" \/><\/p><p style=\"text-align: center;\"><strong>Ripercorri con noi le tappe di questo <\/strong><\/p><p style=\"text-align: center;\"><strong>indimenticabile viaggio<\/strong><\/p>[caption id=\"attachment_244604\" align=\"aligncenter\" width=\"300\"]<img class=\"wp-image-244604 size-medium\" src=\"https:\/\/montedellevigne.it\/wp-content\/uploads\/2022\/10\/cce2cb1f-2a61-460b-96ff-660c7e95e658-300x225.jpg\" alt=\"\" width=\"300\" height=\"225\" \/> Cicerchie dei Monti Dauni con marasciuolo, oliva Nolca e lampascioni all\u2019aceto di lamponi - Nabucco 2018[\/caption][caption id=\"attachment_244602\" align=\"aligncenter\" width=\"300\"]<img class=\"wp-image-244602 size-medium\" src=\"https:\/\/montedellevigne.it\/wp-content\/uploads\/2022\/10\/5bb5df04-d249-4964-b7b8-30ca7270baf5-300x225.jpg\" alt=\"\" width=\"300\" height=\"225\" \/> Mousse di funghi porcini su pan brioche caldo - Nabucco 2015[\/caption][caption id=\"attachment_244600\" align=\"aligncenter\" width=\"300\"]<img class=\"wp-image-244600 size-medium\" src=\"https:\/\/montedellevigne.it\/wp-content\/uploads\/2022\/10\/00a994aa-6547-44c9-a3af-ad9b2f149683-300x225.jpg\" alt=\"\" width=\"300\" height=\"225\" \/> Tortelli farciti di ossobuco di Fassona e midollo e il suo ristretto allo zafferano sardo e parmigiano - Nabucco 2011[\/caption][caption id=\"attachment_244603\" align=\"aligncenter\" width=\"300\"]<img class=\"wp-image-244603 size-medium\" src=\"https:\/\/montedellevigne.it\/wp-content\/uploads\/2022\/10\/a53ef983-2587-433a-aeb8-0c9311d91cc9-300x225.jpg\" alt=\"\" width=\"300\" height=\"225\" \/> tortelli farciti di ossobuco di Fassona e midollo e il suo ristretto allo zafferano sardo e parmigiano - Nabucco 2005[\/caption][caption id=\"attachment_244601\" align=\"aligncenter\" width=\"300\"]<img class=\"wp-image-244601 size-medium\" src=\"https:\/\/montedellevigne.it\/wp-content\/uploads\/2022\/10\/4cd15962-6ce4-4d5b-9433-89226abb8ac4-300x225.jpg\" alt=\"\" width=\"300\" height=\"225\" \/> Anatra Apicius affumicata alle spezie con salsa di seppie - Nabucco 1998[\/caption]<p>\u00a0<\/p><p style=\"text-align: center;\"><strong>APPROFONDIMENTI<\/strong><\/p><p style=\"text-align: center;\"><a href=\"https:\/\/montedellevigne.it\/wp-content\/uploads\/2022\/10\/MONTE-DELLE-VIGNE-Nabucco-menu.pdf\" target=\"_blank\" rel=\"noopener\">MONTE DELLE VIGNE & iL LUOGO - Men\u00f9<\/a><\/p><p style=\"text-align: center;\"><a href=\"https:\/\/montedellevigne.it\/wp-content\/uploads\/2022\/10\/ANDAMENTO-ANNATE_def.pdf\">NABUCCO - ANDAMENTO ANNATE<\/a><\/p><p style=\"text-align: center;\"><strong>RASSEGNA STAMPA<\/strong><\/p><p style=\"text-align: center;\"><a href=\"https:\/\/www.civiltadelbere.com\/nabucco-di-monte-delle-vigne-racconta-i-suoi-primi-30-anni\/\" target=\"_blank\" rel=\"noopener\">CIVILTA' DEL BERE<\/a><\/p><p style=\"text-align: center;\"><a href=\"https:\/\/www.ilgolosario.it\/it\/monte-delle-vigne-lo-splendore-della-barbera\" target=\"_blank\" rel=\"noopener\">IL GOLOSARIO<\/a><\/p><p style=\"text-align: center;\"><a href=\"https:\/\/www.ioeilvino.it\/monte-delle-vigne-30-anni-di-nabucco\/\" target=\"_blank\" rel=\"noopener\">IOEILVINO.IT<\/a><\/p>","_et_gb_content_width":"","footnotes":""},"categories":[42],"tags":[],"class_list":["post-245983","post","type-post","status-publish","format-standard","hentry","category-news"],"yoast_head":"<!-- This site is optimized with the Yoast SEO plugin v27.5 - https:\/\/yoast.com\/product\/yoast-seo-wordpress\/ -->\n<title>Il &quot;Villani day&quot;: gran consenso di pubblico e degli addetti ai lavori - Monte delle Vigne<\/title>\n<meta name=\"robots\" content=\"noindex, follow\" \/>\n<meta property=\"og:locale\" content=\"en_GB\" \/>\n<meta property=\"og:type\" content=\"article\" \/>\n<meta property=\"og:title\" content=\"Il &quot;Villani day&quot;: gran consenso di pubblico e degli addetti ai lavori - Monte delle Vigne\" \/>\n<meta property=\"og:description\" content=\"L\u2019agenzia Villani rappresentanze ha organizzato un evento di grande impatto promozionale - Winebyrinth -, invitando ben 40 cantine produttrici al Labirinto della Masone\u00a0per promuoverne i relativi cataloghi vini e alcune aziende &quot;chicche&quot; del mondo del food, dai salumi al riso, dai distillati all&#039;acqua in bottiglia. L\u2019evento si \u00e8 tenuto marted\u00ec 9 maggio\u00a02023 presso la maestosa [&hellip;]\" \/>\n<meta property=\"og:url\" content=\"https:\/\/montedellevigne.it\/en\/evento-villani-winebyrinth\/\" \/>\n<meta property=\"og:site_name\" content=\"Monte delle Vigne\" \/>\n<meta property=\"article:published_time\" content=\"2023-05-09T17:00:05+00:00\" \/>\n<meta property=\"article:modified_time\" content=\"2023-05-13T08:37:03+00:00\" \/>\n<meta name=\"author\" content=\"mdv-editor\" \/>\n<meta name=\"twitter:card\" content=\"summary_large_image\" \/>\n<meta name=\"twitter:label1\" content=\"Written by\" \/>\n\t<meta name=\"twitter:data1\" content=\"mdv-editor\" \/>\n\t<meta name=\"twitter:label2\" content=\"Estimated reading time\" \/>\n\t<meta name=\"twitter:data2\" content=\"3 minutes\" \/>\n<script type=\"application\/ld+json\" class=\"yoast-schema-graph\">{\"@context\":\"https:\\\/\\\/schema.org\",\"@graph\":[{\"@type\":\"Article\",\"@id\":\"https:\\\/\\\/montedellevigne.it\\\/evento-villani-winebyrinth\\\/#article\",\"isPartOf\":{\"@id\":\"https:\\\/\\\/montedellevigne.it\\\/evento-villani-winebyrinth\\\/\"},\"author\":{\"name\":\"mdv-editor\",\"@id\":\"https:\\\/\\\/montedellevigne.it\\\/it\\\/#\\\/schema\\\/person\\\/97c95fefce892f1b82cf733eb48064fd\"},\"headline\":\"Il &#8220;Villani day&#8221;: gran consenso di pubblico e degli addetti ai lavori\",\"datePublished\":\"2023-05-09T17:00:05+00:00\",\"dateModified\":\"2023-05-13T08:37:03+00:00\",\"mainEntityOfPage\":{\"@id\":\"https:\\\/\\\/montedellevigne.it\\\/evento-villani-winebyrinth\\\/\"},\"wordCount\":529,\"publisher\":{\"@id\":\"https:\\\/\\\/montedellevigne.it\\\/it\\\/#organization\"},\"articleSection\":[\"News\"],\"inLanguage\":\"en-GB\"},{\"@type\":\"WebPage\",\"@id\":\"https:\\\/\\\/montedellevigne.it\\\/evento-villani-winebyrinth\\\/\",\"url\":\"https:\\\/\\\/montedellevigne.it\\\/evento-villani-winebyrinth\\\/\",\"name\":\"Il \\\"Villani day\\\": gran consenso di pubblico e degli addetti ai lavori - Monte delle Vigne\",\"isPartOf\":{\"@id\":\"https:\\\/\\\/montedellevigne.it\\\/it\\\/#website\"},\"datePublished\":\"2023-05-09T17:00:05+00:00\",\"dateModified\":\"2023-05-13T08:37:03+00:00\",\"inLanguage\":\"en-GB\",\"potentialAction\":[{\"@type\":\"ReadAction\",\"target\":[\"https:\\\/\\\/montedellevigne.it\\\/evento-villani-winebyrinth\\\/\"]}]},{\"@type\":\"WebSite\",\"@id\":\"https:\\\/\\\/montedellevigne.it\\\/it\\\/#website\",\"url\":\"https:\\\/\\\/montedellevigne.it\\\/it\\\/\",\"name\":\"Monte delle Vigne\",\"description\":\"\",\"publisher\":{\"@id\":\"https:\\\/\\\/montedellevigne.it\\\/it\\\/#organization\"},\"potentialAction\":[{\"@type\":\"SearchAction\",\"target\":{\"@type\":\"EntryPoint\",\"urlTemplate\":\"https:\\\/\\\/montedellevigne.it\\\/it\\\/?s={search_term_string}\"},\"query-input\":{\"@type\":\"PropertyValueSpecification\",\"valueRequired\":true,\"valueName\":\"search_term_string\"}}],\"inLanguage\":\"en-GB\"},{\"@type\":\"Organization\",\"@id\":\"https:\\\/\\\/montedellevigne.it\\\/it\\\/#organization\",\"name\":\"Monte delle Vigne\",\"url\":\"https:\\\/\\\/montedellevigne.it\\\/it\\\/\",\"logo\":{\"@type\":\"ImageObject\",\"inLanguage\":\"en-GB\",\"@id\":\"https:\\\/\\\/montedellevigne.it\\\/it\\\/#\\\/schema\\\/logo\\\/image\\\/\",\"url\":\"https:\\\/\\\/montedellevigne.it\\\/wp-content\\\/uploads\\\/2020\\\/05\\\/MdV-logo-trasp-no-foglia.png\",\"contentUrl\":\"https:\\\/\\\/montedellevigne.it\\\/wp-content\\\/uploads\\\/2020\\\/05\\\/MdV-logo-trasp-no-foglia.png\",\"width\":393,\"height\":200,\"caption\":\"Monte delle Vigne\"},\"image\":{\"@id\":\"https:\\\/\\\/montedellevigne.it\\\/it\\\/#\\\/schema\\\/logo\\\/image\\\/\"}},{\"@type\":\"Person\",\"@id\":\"https:\\\/\\\/montedellevigne.it\\\/it\\\/#\\\/schema\\\/person\\\/97c95fefce892f1b82cf733eb48064fd\",\"name\":\"mdv-editor\",\"image\":{\"@type\":\"ImageObject\",\"inLanguage\":\"en-GB\",\"@id\":\"https:\\\/\\\/secure.gravatar.com\\\/avatar\\\/ea134359f60ac4deca1a293a0f4a6af1922037abc26ccce1ad501d695dd410a9?s=96&d=blank&r=g\",\"url\":\"https:\\\/\\\/secure.gravatar.com\\\/avatar\\\/ea134359f60ac4deca1a293a0f4a6af1922037abc26ccce1ad501d695dd410a9?s=96&d=blank&r=g\",\"contentUrl\":\"https:\\\/\\\/secure.gravatar.com\\\/avatar\\\/ea134359f60ac4deca1a293a0f4a6af1922037abc26ccce1ad501d695dd410a9?s=96&d=blank&r=g\",\"caption\":\"mdv-editor\"},\"url\":\"https:\\\/\\\/montedellevigne.it\\\/en\\\/author\\\/mdv-editor\\\/\"}]}<\/script>\n<!-- \/ Yoast SEO plugin. -->","yoast_head_json":{"title":"Il \"Villani day\": gran consenso di pubblico e degli addetti ai lavori - Monte delle Vigne","robots":{"index":"noindex","follow":"follow"},"og_locale":"en_GB","og_type":"article","og_title":"Il \"Villani day\": gran consenso di pubblico e degli addetti ai lavori - Monte delle Vigne","og_description":"L\u2019agenzia Villani rappresentanze ha organizzato un evento di grande impatto promozionale - Winebyrinth -, invitando ben 40 cantine produttrici al Labirinto della Masone\u00a0per promuoverne i relativi cataloghi vini e alcune aziende \"chicche\" del mondo del food, dai salumi al riso, dai distillati all'acqua in bottiglia. L\u2019evento si \u00e8 tenuto marted\u00ec 9 maggio\u00a02023 presso la maestosa [&hellip;]","og_url":"https:\/\/montedellevigne.it\/en\/evento-villani-winebyrinth\/","og_site_name":"Monte delle Vigne","article_published_time":"2023-05-09T17:00:05+00:00","article_modified_time":"2023-05-13T08:37:03+00:00","author":"mdv-editor","twitter_card":"summary_large_image","twitter_misc":{"Written by":"mdv-editor","Estimated reading time":"3 minutes"},"schema":{"@context":"https:\/\/schema.org","@graph":[{"@type":"Article","@id":"https:\/\/montedellevigne.it\/evento-villani-winebyrinth\/#article","isPartOf":{"@id":"https:\/\/montedellevigne.it\/evento-villani-winebyrinth\/"},"author":{"name":"mdv-editor","@id":"https:\/\/montedellevigne.it\/it\/#\/schema\/person\/97c95fefce892f1b82cf733eb48064fd"},"headline":"Il &#8220;Villani day&#8221;: gran consenso di pubblico e degli addetti ai lavori","datePublished":"2023-05-09T17:00:05+00:00","dateModified":"2023-05-13T08:37:03+00:00","mainEntityOfPage":{"@id":"https:\/\/montedellevigne.it\/evento-villani-winebyrinth\/"},"wordCount":529,"publisher":{"@id":"https:\/\/montedellevigne.it\/it\/#organization"},"articleSection":["News"],"inLanguage":"en-GB"},{"@type":"WebPage","@id":"https:\/\/montedellevigne.it\/evento-villani-winebyrinth\/","url":"https:\/\/montedellevigne.it\/evento-villani-winebyrinth\/","name":"Il \"Villani day\": gran consenso di pubblico e degli addetti ai lavori - Monte delle Vigne","isPartOf":{"@id":"https:\/\/montedellevigne.it\/it\/#website"},"datePublished":"2023-05-09T17:00:05+00:00","dateModified":"2023-05-13T08:37:03+00:00","inLanguage":"en-GB","potentialAction":[{"@type":"ReadAction","target":["https:\/\/montedellevigne.it\/evento-villani-winebyrinth\/"]}]},{"@type":"WebSite","@id":"https:\/\/montedellevigne.it\/it\/#website","url":"https:\/\/montedellevigne.it\/it\/","name":"Monte delle Vigne","description":"","publisher":{"@id":"https:\/\/montedellevigne.it\/it\/#organization"},"potentialAction":[{"@type":"SearchAction","target":{"@type":"EntryPoint","urlTemplate":"https:\/\/montedellevigne.it\/it\/?s={search_term_string}"},"query-input":{"@type":"PropertyValueSpecification","valueRequired":true,"valueName":"search_term_string"}}],"inLanguage":"en-GB"},{"@type":"Organization","@id":"https:\/\/montedellevigne.it\/it\/#organization","name":"Monte delle Vigne","url":"https:\/\/montedellevigne.it\/it\/","logo":{"@type":"ImageObject","inLanguage":"en-GB","@id":"https:\/\/montedellevigne.it\/it\/#\/schema\/logo\/image\/","url":"https:\/\/montedellevigne.it\/wp-content\/uploads\/2020\/05\/MdV-logo-trasp-no-foglia.png","contentUrl":"https:\/\/montedellevigne.it\/wp-content\/uploads\/2020\/05\/MdV-logo-trasp-no-foglia.png","width":393,"height":200,"caption":"Monte delle Vigne"},"image":{"@id":"https:\/\/montedellevigne.it\/it\/#\/schema\/logo\/image\/"}},{"@type":"Person","@id":"https:\/\/montedellevigne.it\/it\/#\/schema\/person\/97c95fefce892f1b82cf733eb48064fd","name":"mdv-editor","image":{"@type":"ImageObject","inLanguage":"en-GB","@id":"https:\/\/secure.gravatar.com\/avatar\/ea134359f60ac4deca1a293a0f4a6af1922037abc26ccce1ad501d695dd410a9?s=96&d=blank&r=g","url":"https:\/\/secure.gravatar.com\/avatar\/ea134359f60ac4deca1a293a0f4a6af1922037abc26ccce1ad501d695dd410a9?s=96&d=blank&r=g","contentUrl":"https:\/\/secure.gravatar.com\/avatar\/ea134359f60ac4deca1a293a0f4a6af1922037abc26ccce1ad501d695dd410a9?s=96&d=blank&r=g","caption":"mdv-editor"},"url":"https:\/\/montedellevigne.it\/en\/author\/mdv-editor\/"}]}},"_links":{"self":[{"href":"https:\/\/montedellevigne.it\/en\/wp-json\/wp\/v2\/posts\/245983","targetHints":{"allow":["GET"]}}],"collection":[{"href":"https:\/\/montedellevigne.it\/en\/wp-json\/wp\/v2\/posts"}],"about":[{"href":"https:\/\/montedellevigne.it\/en\/wp-json\/wp\/v2\/types\/post"}],"author":[{"embeddable":true,"href":"https:\/\/montedellevigne.it\/en\/wp-json\/wp\/v2\/users\/2674"}],"replies":[{"embeddable":true,"href":"https:\/\/montedellevigne.it\/en\/wp-json\/wp\/v2\/comments?post=245983"}],"version-history":[{"count":0,"href":"https:\/\/montedellevigne.it\/en\/wp-json\/wp\/v2\/posts\/245983\/revisions"}],"wp:attachment":[{"href":"https:\/\/montedellevigne.it\/en\/wp-json\/wp\/v2\/media?parent=245983"}],"wp:term":[{"taxonomy":"category","embeddable":true,"href":"https:\/\/montedellevigne.it\/en\/wp-json\/wp\/v2\/categories?post=245983"},{"taxonomy":"post_tag","embeddable":true,"href":"https:\/\/montedellevigne.it\/en\/wp-json\/wp\/v2\/tags?post=245983"}],"curies":[{"name":"wp","href":"https:\/\/api.w.org\/{rel}","templated":true}]}}