{"id":256171,"date":"2024-04-04T18:00:54","date_gmt":"2024-04-04T16:00:54","guid":{"rendered":"https:\/\/montedellevigne.it\/?p=256171"},"modified":"2024-04-05T15:36:44","modified_gmt":"2024-04-05T13:36:44","slug":"esperto-vigneron-ed-enfant-prodige-dei-colli-di-parma","status":"publish","type":"post","link":"https:\/\/montedellevigne.it\/it\/esperto-vigneron-ed-enfant-prodige-dei-colli-di-parma\/","title":{"rendered":"L&#8217;esperto vigneron e l&#8217;enfant prodige dei Colli di Parma"},"content":{"rendered":"<p>[et_pb_section fb_built=&#8221;1&#8243; _builder_version=&#8221;4.20.0&#8243; background_color=&#8221;#FFFFFF&#8221; global_colors_info=&#8221;{}&#8221;][et_pb_row _builder_version=&#8221;4.20.0&#8243; background_size=&#8221;initial&#8221; background_position=&#8221;top_left&#8221; background_repeat=&#8221;repeat&#8221; global_colors_info=&#8221;{}&#8221;][et_pb_column type=&#8221;4_4&#8243; _builder_version=&#8221;4.16&#8243; custom_padding=&#8221;|||&#8221; global_colors_info=&#8221;{}&#8221; custom_padding__hover=&#8221;|||&#8221;][et_pb_image src=&#8221;https:\/\/montedellevigne.it\/wp-content\/uploads\/2024\/04\/Edoardo-e-Valentino-1.jpeg&#8221; title_text=&#8221;Edoardo e Valentino&#8221; align=&#8221;center&#8221; admin_label=&#8221;Immagine&#8221; _builder_version=&#8221;4.24.3&#8243; _module_preset=&#8221;default&#8221; global_colors_info=&#8221;{}&#8221;][\/et_pb_image][et_pb_text _builder_version=&#8221;4.24.3&#8243; background_size=&#8221;initial&#8221; background_position=&#8221;top_left&#8221; background_repeat=&#8221;repeat&#8221; global_colors_info=&#8221;{}&#8221;]<\/p>\n<p>In una fresca mattina di primavera, con il sole splendente sulle vigne rigogliose e sui quattro laghi di Monte delle Vigne, incontriamo <em><strong>Valentino<\/strong><\/em> ed <strong><em>Edoardo<\/em><\/strong>, i protagonisti di questa news fatta come se fosse un&#8217;intervista a due &#8220;maghi&#8221; della vinificazione.<\/p>\n<p><em>Valentino<\/em> un uomo dal sorriso gentile e dagli occhi che brillano di entusiasmo ogni volta che parla dei vini Monte delle Vigne \u00e8 il<em>\u00a0vigneron<\/em>\u00a0<em>esperto:<\/em>\u00a0dal 1996 fa il mestiere del cantiniere, fiero delle proprie origini Moldave (&#8220;<em>Facevamo fronte all&#8217;80% della richiesta di vino proveniente dalla Russia&#8221;<\/em>) e sa come far emergere il meglio da ogni vitigno.<br \/>Accanto a Valentino c&#8217;\u00e8 <em>Edoardo<\/em>, un giovane appassionato, dotato di un talento innato e di una curiosit\u00e0 infinita che lo spingono a esplorare nuove tecniche e approfondire la scienza dietro la vinificazione. Valentino vede in lui un potenziale straordinario e lo guida con saggezza lungo il percorso della creazione di vini eccezionali.<br \/>Insieme, Valentino ed Edoardo lavorano in perfetta armonia, unendo l&#8217;esperienza e la tradizione del primo con la freschezza e l&#8217;innovazione del secondo.<\/p>\n<p>Ma partiamo con le domande&#8230;<br \/>Come avete iniziato questo mestiere?<br \/>V: &#8220;<em>Dopo 5 anni di studio in quello che noi chiamiamo &#8220;collegio\u00a0di viticoltura e vinificazione&#8221;, ho iniziato a lavorare in una grande cantina moldava e mi sono trasferito in Italia inizialmente per fare esperienza sul vino Italiano, poi ho deciso di fermarmi<\/em>&#8220;.<br \/>E: &#8221; <em>Credo di essere un predestinato, perch\u00e8 ho sempre avuto la passione per il vino e a Piacenza ho frequentato il corso di specializzazione per diventare &#8220;enotecnico&#8221; all&#8217;Istituto Superiore Rainieri<\/em>&#8220;.<\/p>\n<p>Qual \u00e8 la parte pi\u00f9 bella del vostro lavoro?<br \/>V: &#8220;<em>Sicuramente \u00e8 la consapevolezza di creare qualcosa di speciale, un&#8217;eccellenza che sia riconoscibile da tutti<\/em>&#8220;<br \/>E: &#8220;<em>Sono d&#8217;accordo. E aggiungo che lavorare una materia prima viva, che proviene dalla nostra terra rende tutto pi\u00f9 soddisfacente<\/em>&#8220;<\/p>\n<p>E quella pi\u00f9 difficile?<br \/>V: &#8220;<em>Per me non \u00e8 una fase del processo produttivo, ma \u00e8 il dover sacrificare l&#8217;estate al lavoro, perch\u00e8 con il cambiamento climatico ormai siamo costretti a lavorare l&#8217;uva in cantina dal 15 agosto, l&#8217;anno scorso anche prima<\/em>&#8220;<br \/>E: &#8220;<em>Io invece non ho dubbi: imbottigliare \u00e8 fase pi\u00f9 rognosa!<\/em>&#8220;<\/p>\n<p>Qual \u00e8 il processo di vinificazione che non puoi non menzionare?<br \/>V: &#8220;<em>Sono fiero di aver migliorato la modalit\u00e0 con cui Monte delle Vigne produce il ros\u00e8: oggi Rubina, con la macerazione della Barbera sulle bucce di poche ore \u00e8 un vino che&#8230; arriva dal cuore!<\/em>&#8220;<br \/>E: &#8220;<i>L&#8217;affinamento in anfora di Callas, con la sua complessit\u00e0 e ben tre persone per lo\u00a0svinamento\u00a0\u00e8 qualcosa di estremamente entusiasmante<\/i>&#8220;<\/p>\n<p>Una domanda un po&#8217; pi\u00f9 tecnica: come gestite l&#8217;utilizzo del freddo nella vinificazione?<br \/>V: &#8220;<em>\u00c8 importante riuscire a bilanciarne l&#8217;uso per raggiungere la stabilit\u00e0 del vino senza eccedere per non rovinare una materia prima &#8211; la nostra uva raccolta a mano &#8211; di grande qualit\u00e0<\/em>&#8220;<\/p>\n<p>Perch\u00e8 Monte delle Vigne ha in gamma tre Lambruschi con tre metodi di vinificazione diversi?<br \/>E: &#8220;<i>I Salici ha una maturazione evolutiva che \u00e8 il risultato del lavoro di annate precedenti; la rifermentazione in autoclave de I Calanchi ha sempre come obiettivo il generare una\u00a0bollicina fine, che esalti i profumi del Maestri e Rio Valli ha una presa di spuma che garantisce una beva vivace, grazie anche alla presenza del Grasparossa<\/i>&#8220;<\/p>\n<p>Cosa stavate facendo oggi prima che vi interrompessimo?<br \/>V: &#8220;<i>Ero impegnato a\u00a0preparare il piede di avviamento lieviti de I calanchi 2023<\/i>&#8220;<br \/>E: &#8220;<em>Stavo colmando una vasca di Lambrusco<\/em>&#8220;<\/p>\n<p>Edoardo, quali trucchi del mestiere hai &#8220;rubato&#8221; a Valentino?<br \/>E: &#8220;<em>L&#8217;attenzione e la cura verso tutti i mille dettagli della vinificazione. Aggiungo che sui Lambruschi \u00e8 impareggiabile!<\/em>&#8220;<\/p>\n<p>Valentino, cosa consiglieresti a un giovane cantiniere (come Edoardo)?<br \/>V: &#8220;<em>Lui, adesso che \u00e8 diventato pap\u00e0, sa bene che il vino \u00e8 come un figlio che cambia ogni giorno e che va seguito stando accanto alle vasche<\/em>&#8220;<\/p>\n<p>Cos\u00ec, sui i Colli di Parma, mentre le stagioni cambiano e si preparano a dare i loro frutti, Valentino ed Edoardo sono pronti a riceverli, ispirati dalla bellezza della natura e dalla passione per il loro mestiere, per creare vini straordinari che racchiudono il gusto e l&#8217;anima di questa magica terra Emiliana.<\/p>\n<p>[\/et_pb_text][et_pb_gallery show_title_and_caption=&#8221;off&#8221; _builder_version=&#8221;4.24.3&#8243; _module_preset=&#8221;default&#8221; global_colors_info=&#8221;{}&#8221; gallery_ids=&#8221;256203,256210,256193,256194,256195,256173&#8243; hover_enabled=&#8221;0&#8243; sticky_enabled=&#8221;0&#8243;][\/et_pb_gallery][\/et_pb_column][\/et_pb_row][\/et_pb_section]<\/p>\n","protected":false},"excerpt":{"rendered":"<p>In una fresca mattina di primavera, con il sole splendente sulle vigne rigogliose e sui quattro laghi di Monte delle Vigne, incontriamo Valentino ed Edoardo, i protagonisti di questa news fatta come se fosse un&#8217;intervista a due &#8220;maghi&#8221; della vinificazione. Valentino un uomo dal sorriso gentile e dagli occhi che brillano di entusiasmo ogni volta [&hellip;]<\/p>\n","protected":false},"author":3041,"featured_media":0,"comment_status":"closed","ping_status":"closed","sticky":false,"template":"","format":"standard","meta":{"_et_pb_use_builder":"on","_et_pb_old_content":"<p style=\"text-align: right;\">26 Ottobre 2022<\/p><p style=\"text-align: center;\"><em>\"Nabucco<\/em> <em>non celebra solo i suoi primi trent\u2019anni, ma anche l\u2019inizio di un lungo cammino che ha visto la nostra <\/em><em>azienda protagonista della produzione di vini biologici di qualit\u00e0, nel rispetto della sostenibilit\u00e0 e sostenuti da una forte passione, a partire da vitigni radicati nel territorio, e dal peculiare carattere fermo in controtendenza con i vini frizzanti tipici di questa terra. Una festa per il successo di un vino quindi che, fin dal nome, trasmette energia e tenacia, gli stessi valori dell\u2019opera verdiana che ha debuttato alla Scala di Milano<\/em><em> nel 1842\".<\/em><\/p><p style=\"text-align: center;\"><em>Paolo Pizzarotti<\/em><\/p><p><img class=\"wp-image-244534 aligncenter\" src=\"https:\/\/montedellevigne.it\/wp-content\/uploads\/2022\/10\/f87e29ad-d34e-47f2-9b5c-9133a520e769-225x300.jpg\" alt=\"\" width=\"197\" height=\"262\" \/><\/p><p><strong><em>Nabucco<\/em><\/strong>, il vino simbolo dell\u2019azienda e<strong><em>\u00a0<\/em><\/strong>prodotto esclusivamente con uve Barbera e Merlot, celebra quest\u2019anno <strong>le trenta vendemmie<\/strong>. <em>Nabucco<\/em> \u00e8 una sintesi profonda dell\u2019identit\u00e0 della cantina: \u00e8 <strong>il primo vino<\/strong> nato in casa Monte delle Vigne, nel 1992, ed \u00e8 <strong>il primo rosso fermo<\/strong> realizzato a Parma, un territorio dove per tradizione dominano i frizzanti. Il nome del vino \u00e8 un omaggio al territorio parmense e al suo carattere legato al mondo lirico come citt\u00e0 della musica.<\/p><p>I vigneti con cui viene prodotto Nabucco hanno dai nove ai trent\u2019anni di et\u00e0 e crescono su <strong>terreni calcareo argillosi<\/strong> ad un\u2019altitudine di <strong>200\/300 metri<\/strong>. L\u2019<strong>uva Barbera <\/strong>viene selezionata e raccolta a mano e macera, dopo la fermentazione a 32\u00b0, \u00a030 giorni sulle bucce e <strong>affina poi 12\/14 mesi<\/strong><\/p><p>\u00a0<\/p><p style=\"text-align: left;\">Per festeggiare questo suo importante traguardo lo abbiamo reso protagonista di un pranzo esclusivo in una <strong>verticale senza tempo<\/strong>: <strong>una selezione di 5 annate<\/strong>, rappresentative delle migliori espressioni del percorso di Nabucco, in un gioco perfetto di sapori ed equilibri studiato dallo Chef de <strong>\"Il Luogo di Aimo e Nadia\"<\/strong><\/p><p><img class=\"wp-image-244700 aligncenter\" src=\"https:\/\/montedellevigne.it\/wp-content\/uploads\/2022\/12\/MONTE-DELLE-VIGNE-Nabucco-menu_pages-to-jpg-0001-300x206.jpg\" alt=\"\" width=\"172\" height=\"118\" \/><\/p><p style=\"text-align: center;\"><strong>Ripercorri con noi le tappe di questo <\/strong><\/p><p style=\"text-align: center;\"><strong>indimenticabile viaggio<\/strong><\/p>[caption id=\"attachment_244604\" align=\"aligncenter\" width=\"300\"]<img class=\"wp-image-244604 size-medium\" src=\"https:\/\/montedellevigne.it\/wp-content\/uploads\/2022\/10\/cce2cb1f-2a61-460b-96ff-660c7e95e658-300x225.jpg\" alt=\"\" width=\"300\" height=\"225\" \/> Cicerchie dei Monti Dauni con marasciuolo, oliva Nolca e lampascioni all\u2019aceto di lamponi - Nabucco 2018[\/caption][caption id=\"attachment_244602\" align=\"aligncenter\" width=\"300\"]<img class=\"wp-image-244602 size-medium\" src=\"https:\/\/montedellevigne.it\/wp-content\/uploads\/2022\/10\/5bb5df04-d249-4964-b7b8-30ca7270baf5-300x225.jpg\" alt=\"\" width=\"300\" height=\"225\" \/> Mousse di funghi porcini su pan brioche caldo - Nabucco 2015[\/caption][caption id=\"attachment_244600\" align=\"aligncenter\" width=\"300\"]<img class=\"wp-image-244600 size-medium\" src=\"https:\/\/montedellevigne.it\/wp-content\/uploads\/2022\/10\/00a994aa-6547-44c9-a3af-ad9b2f149683-300x225.jpg\" alt=\"\" width=\"300\" height=\"225\" \/> Tortelli farciti di ossobuco di Fassona e midollo e il suo ristretto allo zafferano sardo e parmigiano - Nabucco 2011[\/caption][caption id=\"attachment_244603\" align=\"aligncenter\" width=\"300\"]<img class=\"wp-image-244603 size-medium\" src=\"https:\/\/montedellevigne.it\/wp-content\/uploads\/2022\/10\/a53ef983-2587-433a-aeb8-0c9311d91cc9-300x225.jpg\" alt=\"\" width=\"300\" height=\"225\" \/> tortelli farciti di ossobuco di Fassona e midollo e il suo ristretto allo zafferano sardo e parmigiano - Nabucco 2005[\/caption][caption id=\"attachment_244601\" align=\"aligncenter\" width=\"300\"]<img class=\"wp-image-244601 size-medium\" src=\"https:\/\/montedellevigne.it\/wp-content\/uploads\/2022\/10\/4cd15962-6ce4-4d5b-9433-89226abb8ac4-300x225.jpg\" alt=\"\" width=\"300\" height=\"225\" \/> Anatra Apicius affumicata alle spezie con salsa di seppie - Nabucco 1998[\/caption]<p>\u00a0<\/p><p style=\"text-align: center;\"><strong>APPROFONDIMENTI<\/strong><\/p><p style=\"text-align: center;\"><a href=\"https:\/\/montedellevigne.it\/wp-content\/uploads\/2022\/10\/MONTE-DELLE-VIGNE-Nabucco-menu.pdf\" target=\"_blank\" rel=\"noopener\">MONTE DELLE VIGNE & iL LUOGO - Men\u00f9<\/a><\/p><p style=\"text-align: center;\"><a href=\"https:\/\/montedellevigne.it\/wp-content\/uploads\/2022\/10\/ANDAMENTO-ANNATE_def.pdf\">NABUCCO - ANDAMENTO ANNATE<\/a><\/p><p style=\"text-align: center;\"><strong>RASSEGNA STAMPA<\/strong><\/p><p style=\"text-align: center;\"><a href=\"https:\/\/www.civiltadelbere.com\/nabucco-di-monte-delle-vigne-racconta-i-suoi-primi-30-anni\/\" target=\"_blank\" rel=\"noopener\">CIVILTA' DEL BERE<\/a><\/p><p style=\"text-align: center;\"><a href=\"https:\/\/www.ilgolosario.it\/it\/monte-delle-vigne-lo-splendore-della-barbera\" target=\"_blank\" rel=\"noopener\">IL GOLOSARIO<\/a><\/p><p style=\"text-align: center;\"><a href=\"https:\/\/www.ioeilvino.it\/monte-delle-vigne-30-anni-di-nabucco\/\" target=\"_blank\" rel=\"noopener\">IOEILVINO.IT<\/a><\/p>","_et_gb_content_width":"","footnotes":""},"categories":[42],"tags":[],"class_list":["post-256171","post","type-post","status-publish","format-standard","hentry","category-news"],"yoast_head":"<!-- This site is optimized with the Yoast SEO plugin v27.4 - https:\/\/yoast.com\/product\/yoast-seo-wordpress\/ -->\n<title>L&#039;esperto vigneron e l&#039;enfant prodige dei Colli di Parma - Monte delle Vigne<\/title>\n<meta name=\"robots\" content=\"noindex, follow\" \/>\n<meta property=\"og:locale\" content=\"it_IT\" \/>\n<meta property=\"og:type\" content=\"article\" \/>\n<meta property=\"og:title\" content=\"L&#039;esperto vigneron e l&#039;enfant prodige dei Colli di Parma - Monte delle Vigne\" \/>\n<meta property=\"og:description\" content=\"In una fresca mattina di primavera, con il sole splendente sulle vigne rigogliose e sui quattro laghi di Monte delle Vigne, incontriamo Valentino ed Edoardo, i protagonisti di questa news fatta come se fosse un&#039;intervista a due &quot;maghi&quot; della vinificazione. Valentino un uomo dal sorriso gentile e dagli occhi che brillano di entusiasmo ogni volta [&hellip;]\" \/>\n<meta property=\"og:url\" content=\"https:\/\/montedellevigne.it\/it\/esperto-vigneron-ed-enfant-prodige-dei-colli-di-parma\/\" \/>\n<meta property=\"og:site_name\" content=\"Monte delle Vigne\" \/>\n<meta property=\"article:published_time\" content=\"2024-04-04T16:00:54+00:00\" \/>\n<meta property=\"article:modified_time\" content=\"2024-04-05T13:36:44+00:00\" \/>\n<meta name=\"author\" content=\"Riccardo Toschi\" \/>\n<meta name=\"twitter:card\" content=\"summary_large_image\" \/>\n<meta name=\"twitter:label1\" content=\"Scritto da\" \/>\n\t<meta name=\"twitter:data1\" content=\"Riccardo Toschi\" \/>\n\t<meta name=\"twitter:label2\" content=\"Tempo di lettura stimato\" \/>\n\t<meta name=\"twitter:data2\" content=\"6 minuti\" \/>\n<script type=\"application\/ld+json\" class=\"yoast-schema-graph\">{\"@context\":\"https:\\\/\\\/schema.org\",\"@graph\":[{\"@type\":\"Article\",\"@id\":\"https:\\\/\\\/montedellevigne.it\\\/esperto-vigneron-ed-enfant-prodige-dei-colli-di-parma\\\/#article\",\"isPartOf\":{\"@id\":\"https:\\\/\\\/montedellevigne.it\\\/esperto-vigneron-ed-enfant-prodige-dei-colli-di-parma\\\/\"},\"author\":{\"name\":\"Riccardo Toschi\",\"@id\":\"https:\\\/\\\/montedellevigne.it\\\/it\\\/#\\\/schema\\\/person\\\/aa6be378b7747052cc9a2083133d6f20\"},\"headline\":\"L&#8217;esperto vigneron e l&#8217;enfant prodige dei Colli di Parma\",\"datePublished\":\"2024-04-04T16:00:54+00:00\",\"dateModified\":\"2024-04-05T13:36:44+00:00\",\"mainEntityOfPage\":{\"@id\":\"https:\\\/\\\/montedellevigne.it\\\/esperto-vigneron-ed-enfant-prodige-dei-colli-di-parma\\\/\"},\"wordCount\":822,\"publisher\":{\"@id\":\"https:\\\/\\\/montedellevigne.it\\\/it\\\/#organization\"},\"articleSection\":[\"News\"],\"inLanguage\":\"it-IT\"},{\"@type\":\"WebPage\",\"@id\":\"https:\\\/\\\/montedellevigne.it\\\/esperto-vigneron-ed-enfant-prodige-dei-colli-di-parma\\\/\",\"url\":\"https:\\\/\\\/montedellevigne.it\\\/esperto-vigneron-ed-enfant-prodige-dei-colli-di-parma\\\/\",\"name\":\"L'esperto vigneron e l'enfant prodige dei Colli di Parma - Monte delle Vigne\",\"isPartOf\":{\"@id\":\"https:\\\/\\\/montedellevigne.it\\\/it\\\/#website\"},\"datePublished\":\"2024-04-04T16:00:54+00:00\",\"dateModified\":\"2024-04-05T13:36:44+00:00\",\"inLanguage\":\"it-IT\",\"potentialAction\":[{\"@type\":\"ReadAction\",\"target\":[\"https:\\\/\\\/montedellevigne.it\\\/esperto-vigneron-ed-enfant-prodige-dei-colli-di-parma\\\/\"]}]},{\"@type\":\"WebSite\",\"@id\":\"https:\\\/\\\/montedellevigne.it\\\/it\\\/#website\",\"url\":\"https:\\\/\\\/montedellevigne.it\\\/it\\\/\",\"name\":\"Monte delle Vigne\",\"description\":\"\",\"publisher\":{\"@id\":\"https:\\\/\\\/montedellevigne.it\\\/it\\\/#organization\"},\"potentialAction\":[{\"@type\":\"SearchAction\",\"target\":{\"@type\":\"EntryPoint\",\"urlTemplate\":\"https:\\\/\\\/montedellevigne.it\\\/it\\\/?s={search_term_string}\"},\"query-input\":{\"@type\":\"PropertyValueSpecification\",\"valueRequired\":true,\"valueName\":\"search_term_string\"}}],\"inLanguage\":\"it-IT\"},{\"@type\":\"Organization\",\"@id\":\"https:\\\/\\\/montedellevigne.it\\\/it\\\/#organization\",\"name\":\"Monte delle Vigne\",\"url\":\"https:\\\/\\\/montedellevigne.it\\\/it\\\/\",\"logo\":{\"@type\":\"ImageObject\",\"inLanguage\":\"it-IT\",\"@id\":\"https:\\\/\\\/montedellevigne.it\\\/it\\\/#\\\/schema\\\/logo\\\/image\\\/\",\"url\":\"https:\\\/\\\/montedellevigne.it\\\/wp-content\\\/uploads\\\/2020\\\/05\\\/MdV-logo-trasp-no-foglia.png\",\"contentUrl\":\"https:\\\/\\\/montedellevigne.it\\\/wp-content\\\/uploads\\\/2020\\\/05\\\/MdV-logo-trasp-no-foglia.png\",\"width\":393,\"height\":200,\"caption\":\"Monte delle Vigne\"},\"image\":{\"@id\":\"https:\\\/\\\/montedellevigne.it\\\/it\\\/#\\\/schema\\\/logo\\\/image\\\/\"}},{\"@type\":\"Person\",\"@id\":\"https:\\\/\\\/montedellevigne.it\\\/it\\\/#\\\/schema\\\/person\\\/aa6be378b7747052cc9a2083133d6f20\",\"name\":\"Riccardo Toschi\",\"image\":{\"@type\":\"ImageObject\",\"inLanguage\":\"it-IT\",\"@id\":\"https:\\\/\\\/secure.gravatar.com\\\/avatar\\\/572800b965aa61c121ca2890b7855ab49bf0449f987dd713c93dd8210dfd7f89?s=96&d=blank&r=g\",\"url\":\"https:\\\/\\\/secure.gravatar.com\\\/avatar\\\/572800b965aa61c121ca2890b7855ab49bf0449f987dd713c93dd8210dfd7f89?s=96&d=blank&r=g\",\"contentUrl\":\"https:\\\/\\\/secure.gravatar.com\\\/avatar\\\/572800b965aa61c121ca2890b7855ab49bf0449f987dd713c93dd8210dfd7f89?s=96&d=blank&r=g\",\"caption\":\"Riccardo Toschi\"},\"url\":\"https:\\\/\\\/montedellevigne.it\\\/it\\\/author\\\/mdv-admin\\\/\"}]}<\/script>\n<!-- \/ Yoast SEO plugin. -->","yoast_head_json":{"title":"L'esperto vigneron e l'enfant prodige dei Colli di Parma - Monte delle Vigne","robots":{"index":"noindex","follow":"follow"},"og_locale":"it_IT","og_type":"article","og_title":"L'esperto vigneron e l'enfant prodige dei Colli di Parma - Monte delle Vigne","og_description":"In una fresca mattina di primavera, con il sole splendente sulle vigne rigogliose e sui quattro laghi di Monte delle Vigne, incontriamo Valentino ed Edoardo, i protagonisti di questa news fatta come se fosse un'intervista a due \"maghi\" della vinificazione. Valentino un uomo dal sorriso gentile e dagli occhi che brillano di entusiasmo ogni volta [&hellip;]","og_url":"https:\/\/montedellevigne.it\/it\/esperto-vigneron-ed-enfant-prodige-dei-colli-di-parma\/","og_site_name":"Monte delle Vigne","article_published_time":"2024-04-04T16:00:54+00:00","article_modified_time":"2024-04-05T13:36:44+00:00","author":"Riccardo Toschi","twitter_card":"summary_large_image","twitter_misc":{"Scritto da":"Riccardo Toschi","Tempo di lettura stimato":"6 minuti"},"schema":{"@context":"https:\/\/schema.org","@graph":[{"@type":"Article","@id":"https:\/\/montedellevigne.it\/esperto-vigneron-ed-enfant-prodige-dei-colli-di-parma\/#article","isPartOf":{"@id":"https:\/\/montedellevigne.it\/esperto-vigneron-ed-enfant-prodige-dei-colli-di-parma\/"},"author":{"name":"Riccardo Toschi","@id":"https:\/\/montedellevigne.it\/it\/#\/schema\/person\/aa6be378b7747052cc9a2083133d6f20"},"headline":"L&#8217;esperto vigneron e l&#8217;enfant prodige dei Colli di Parma","datePublished":"2024-04-04T16:00:54+00:00","dateModified":"2024-04-05T13:36:44+00:00","mainEntityOfPage":{"@id":"https:\/\/montedellevigne.it\/esperto-vigneron-ed-enfant-prodige-dei-colli-di-parma\/"},"wordCount":822,"publisher":{"@id":"https:\/\/montedellevigne.it\/it\/#organization"},"articleSection":["News"],"inLanguage":"it-IT"},{"@type":"WebPage","@id":"https:\/\/montedellevigne.it\/esperto-vigneron-ed-enfant-prodige-dei-colli-di-parma\/","url":"https:\/\/montedellevigne.it\/esperto-vigneron-ed-enfant-prodige-dei-colli-di-parma\/","name":"L'esperto vigneron e l'enfant prodige dei Colli di Parma - Monte delle Vigne","isPartOf":{"@id":"https:\/\/montedellevigne.it\/it\/#website"},"datePublished":"2024-04-04T16:00:54+00:00","dateModified":"2024-04-05T13:36:44+00:00","inLanguage":"it-IT","potentialAction":[{"@type":"ReadAction","target":["https:\/\/montedellevigne.it\/esperto-vigneron-ed-enfant-prodige-dei-colli-di-parma\/"]}]},{"@type":"WebSite","@id":"https:\/\/montedellevigne.it\/it\/#website","url":"https:\/\/montedellevigne.it\/it\/","name":"Monte delle Vigne","description":"","publisher":{"@id":"https:\/\/montedellevigne.it\/it\/#organization"},"potentialAction":[{"@type":"SearchAction","target":{"@type":"EntryPoint","urlTemplate":"https:\/\/montedellevigne.it\/it\/?s={search_term_string}"},"query-input":{"@type":"PropertyValueSpecification","valueRequired":true,"valueName":"search_term_string"}}],"inLanguage":"it-IT"},{"@type":"Organization","@id":"https:\/\/montedellevigne.it\/it\/#organization","name":"Monte delle Vigne","url":"https:\/\/montedellevigne.it\/it\/","logo":{"@type":"ImageObject","inLanguage":"it-IT","@id":"https:\/\/montedellevigne.it\/it\/#\/schema\/logo\/image\/","url":"https:\/\/montedellevigne.it\/wp-content\/uploads\/2020\/05\/MdV-logo-trasp-no-foglia.png","contentUrl":"https:\/\/montedellevigne.it\/wp-content\/uploads\/2020\/05\/MdV-logo-trasp-no-foglia.png","width":393,"height":200,"caption":"Monte delle Vigne"},"image":{"@id":"https:\/\/montedellevigne.it\/it\/#\/schema\/logo\/image\/"}},{"@type":"Person","@id":"https:\/\/montedellevigne.it\/it\/#\/schema\/person\/aa6be378b7747052cc9a2083133d6f20","name":"Riccardo Toschi","image":{"@type":"ImageObject","inLanguage":"it-IT","@id":"https:\/\/secure.gravatar.com\/avatar\/572800b965aa61c121ca2890b7855ab49bf0449f987dd713c93dd8210dfd7f89?s=96&d=blank&r=g","url":"https:\/\/secure.gravatar.com\/avatar\/572800b965aa61c121ca2890b7855ab49bf0449f987dd713c93dd8210dfd7f89?s=96&d=blank&r=g","contentUrl":"https:\/\/secure.gravatar.com\/avatar\/572800b965aa61c121ca2890b7855ab49bf0449f987dd713c93dd8210dfd7f89?s=96&d=blank&r=g","caption":"Riccardo Toschi"},"url":"https:\/\/montedellevigne.it\/it\/author\/mdv-admin\/"}]}},"_links":{"self":[{"href":"https:\/\/montedellevigne.it\/it\/wp-json\/wp\/v2\/posts\/256171","targetHints":{"allow":["GET"]}}],"collection":[{"href":"https:\/\/montedellevigne.it\/it\/wp-json\/wp\/v2\/posts"}],"about":[{"href":"https:\/\/montedellevigne.it\/it\/wp-json\/wp\/v2\/types\/post"}],"author":[{"embeddable":true,"href":"https:\/\/montedellevigne.it\/it\/wp-json\/wp\/v2\/users\/3041"}],"replies":[{"embeddable":true,"href":"https:\/\/montedellevigne.it\/it\/wp-json\/wp\/v2\/comments?post=256171"}],"version-history":[{"count":18,"href":"https:\/\/montedellevigne.it\/it\/wp-json\/wp\/v2\/posts\/256171\/revisions"}],"predecessor-version":[{"id":256217,"href":"https:\/\/montedellevigne.it\/it\/wp-json\/wp\/v2\/posts\/256171\/revisions\/256217"}],"wp:attachment":[{"href":"https:\/\/montedellevigne.it\/it\/wp-json\/wp\/v2\/media?parent=256171"}],"wp:term":[{"taxonomy":"category","embeddable":true,"href":"https:\/\/montedellevigne.it\/it\/wp-json\/wp\/v2\/categories?post=256171"},{"taxonomy":"post_tag","embeddable":true,"href":"https:\/\/montedellevigne.it\/it\/wp-json\/wp\/v2\/tags?post=256171"}],"curies":[{"name":"wp","href":"https:\/\/api.w.org\/{rel}","templated":true}]}}